{"id":99497,"date":"2018-06-25T12:04:45","date_gmt":"2018-06-25T10:04:45","guid":{"rendered":"https:\/\/batijournal.com\/?p=99497"},"modified":"2019-07-15T11:34:01","modified_gmt":"2019-07-15T09:34:01","slug":"prelevement-a-la-source-la-capeb-alerte-lexecutif","status":"publish","type":"post","link":"https:\/\/batijournal.com\/index.php\/prelevement-a-la-source-la-capeb-alerte-lexecutif\/99497\/","title":{"rendered":"Pr\u00e9l\u00e8vement \u00e0 la source : la CAPEB alerte l&rsquo;ex\u00e9cutif"},"content":{"rendered":"<p><strong>La Capeb se mobilise contre le pr\u00e9l\u00e8vement de l\u2019imp\u00f4t \u00e0 la source, qui doit entrer en vigueur le 1er janvier 2019. Elle publie une lettre ouverte au Pr\u00e9sident de la R\u00e9publique et au Premier Ministre dans Le Parisien. Aujourd\u2019hui en France pour d\u00e9noncer l\u2019impact de cette r\u00e9forme sur les entreprises artisanales, qui n\u2019ont pas les ressources financi\u00e8res et humaines n\u00e9cessaires pour endosser la responsabilit\u00e9 consid\u00e9rable de la collecte de l\u2019imp\u00f4t.<\/strong><\/p>\n<p>Lors de ses entretiens avec le Ministre de l\u2019action et des comptes publics G\u00e9rald Darmanin, Patrick Li\u00e9bus, pr\u00e9sident de la Capeb, a souhait\u00e9 que Bercy mette en place un num\u00e9ro vert pour accompagner les salari\u00e9s, recueillir d\u2019\u00e9ventuelles contestations et d\u00e9charger les chefs d\u2019entreprise de la responsabilit\u00e9 de l\u2019information. La Capeb porte \u00e9galement plusieurs revendications, aux c\u00f4t\u00e9s de l\u2019U2P (Union des entreprises de proximit\u00e9) : la simplification du dispositif et la mise en place de compensations financi\u00e8res des co\u00fbts de gestion pour les employeurs.<\/p>\n<p>L\u2019U2P estime \u00e0 une semaine par an en moyenne le temps n\u00e9cessaire au traitement administratif de la collecte de l\u2019imp\u00f4t dans une entreprise de 2 \u00e0 3 salari\u00e9s (1h30 par salari\u00e9 et par mois pour traiter les infos et les paies, r\u00e9pondre aux questions des employ\u00e9s, etc.), soit une semaine de travail non r\u00e9mun\u00e9r\u00e9, au d\u00e9triment des chantiers en cours qui prendront alors du retard. A l\u2019heure o\u00f9 l\u2019activit\u00e9 repart dans le secteur du b\u00e2timent, 60 % des chefs d\u2019entreprise artisanale travaillent plus de 50h par semaine et souffrent d\u2019un stress important. Le pr\u00e9l\u00e8vement \u00e0 la source va imposer une charge suppl\u00e9mentaire aux artisans, qui ne sont pas en mesure d\u2019y allouer les ressources humaines ou financi\u00e8res n\u00e9cessaires.<\/p>\n<p>Cette r\u00e9forme implique \u00e9galement des d\u00e9penses afin de s\u2019adapter, comme un changement, une nouvelle fois, de logiciels informatiques et \u00e9ventuellement la n\u00e9cessit\u00e9 de suivre des formations. A cela s\u2019ajoute un impact non n\u00e9gligeable sur le climat social au sein des petites entreprises, dans lesquelles se nouent des relations de confiance entre dirigeants et salari\u00e9s.<\/p>\n<p>Patrick Li\u00e9bus, pr\u00e9sident de la CAPEB r\u00e9agit : <em>\u00ab Les chefs d\u2019entreprise artisanale ne sont pas pr\u00e9par\u00e9s \u00e0 assumer la charge financi\u00e8re et administrative que repr\u00e9sente la mise en place du pr\u00e9l\u00e8vement \u00e0 la source. Ils ne sont ni fiscalistes, ni percepteurs, ils n\u2019ont ni DAF ni DRH, ils ne sont pas cens\u00e9s affronter une telle surcharge de travail. C\u2019est aujourd\u2019hui au Pr\u00e9sident de la R\u00e9publique et au Premier Ministre Edouard Philippe que je m\u2019adresse pour les alerter sur notre situation et demander la simplification de ce dispositif qui n\u2019est clairement pas calibr\u00e9 pour les petites entreprises. Nous demandons \u00e9galement le soutien de l\u2019administration via la cr\u00e9ation d\u2019un num\u00e9ro vert d\u2019information des salari\u00e9s, et une compensation financi\u00e8re des co\u00fbts support\u00e9s par les artisans. \u00bb<\/em><\/p>\n<p>La CAPEB est mobilis\u00e9e sur l\u2019ensemble du territoire pour faire valoir ses arguments et d\u00e9fendre ses revendications. Une campagne de sensibilisation des parlementaires va notamment \u00eatre lanc\u00e9e. Elle appelle par ailleurs \u00e0 signer la p\u00e9tition en ligne #ChacunSonJob (<a href=\"http:\/\/u2p-france.fr\/chacunsonjob\" target=\"_blank\" rel=\"noopener noreferrer\">u2p-france.fr\/chacunsonjob<\/a>). Initi\u00e9e par les organisations repr\u00e9sentatives de toutes les entreprises de proximit\u00e9, sous la banni\u00e8re de l\u2019U2P, son objectif est d\u2019inciter le Gouvernement \u00e0 revoir sa r\u00e9forme.<\/p>\n<p>&nbsp;<\/p>\n","protected":false},"excerpt":{"rendered":"<p>La Capeb se mobilise contre le pr\u00e9l\u00e8vement de l\u2019imp\u00f4t \u00e0 la source, qui doit entrer en vigueur le 1er janvier 2019. Elle publie une lettre ouverte au Pr\u00e9sident de la R\u00e9publique et au Premier Ministre dans Le Parisien. Aujourd\u2019hui en France pour d\u00e9noncer l\u2019impact de cette r\u00e9forme sur les entreprises artisanales, qui n\u2019ont pas les [&hellip;]<\/p>\n","protected":false},"author":17,"featured_media":99498,"comment_status":"closed","ping_status":"closed","sticky":false,"template":"","format":"standard","meta":{"_et_pb_use_builder":"","_et_pb_old_content":"","_et_gb_content_width":"","footnotes":""},"categories":[10530,6345],"tags":[647,8122],"class_list":["post-99497","post","type-post","status-publish","format-standard","has-post-thumbnail","hentry","category-actualites","category-economie-marches","tag-capeb","tag-impots"],"yoast_head":"<!-- This site is optimized with the Yoast SEO plugin v27.4 - https:\/\/yoast.com\/product\/yoast-seo-wordpress\/ -->\n<title>Pr\u00e9l\u00e8vement \u00e0 la source : la CAPEB alerte l&#039;ex\u00e9cutif<\/title>\n<meta name=\"description\" content=\"La Capeb se mobilise contre le pr\u00e9l\u00e8vement de l\u2019imp\u00f4t \u00e0 la source, qui doit entrer en vigueur le 1er janvier 2019. Elle publie une lettre ouverte..\" \/>\n<meta name=\"robots\" content=\"index, follow, max-snippet:-1, max-image-preview:large, max-video-preview:-1\" \/>\n<link rel=\"canonical\" href=\"https:\/\/batijournal.com\/index.php\/prelevement-a-la-source-la-capeb-alerte-lexecutif\/99497\/\" \/>\n<meta property=\"og:locale\" content=\"fr_FR\" \/>\n<meta property=\"og:type\" content=\"article\" \/>\n<meta property=\"og:title\" content=\"Pr\u00e9l\u00e8vement \u00e0 la source : la CAPEB alerte l&#039;ex\u00e9cutif\" \/>\n<meta property=\"og:description\" content=\"La Capeb se mobilise contre le pr\u00e9l\u00e8vement de l\u2019imp\u00f4t \u00e0 la source, qui doit entrer en vigueur le 1er janvier 2019. Elle publie une lettre ouverte..\" \/>\n<meta property=\"og:url\" content=\"https:\/\/batijournal.com\/index.php\/prelevement-a-la-source-la-capeb-alerte-lexecutif\/99497\/\" \/>\n<meta property=\"og:site_name\" content=\"Batijournal\" \/>\n<meta property=\"article:published_time\" content=\"2018-06-25T10:04:45+00:00\" \/>\n<meta property=\"article:modified_time\" content=\"2019-07-15T09:34:01+00:00\" \/>\n<meta property=\"og:image\" content=\"https:\/\/batijournal.com\/wp-content\/uploads\/2018\/06\/impots-gouv.png\" \/>\n\t<meta property=\"og:image:width\" content=\"880\" \/>\n\t<meta property=\"og:image:height\" content=\"540\" \/>\n\t<meta property=\"og:image:type\" content=\"image\/png\" \/>\n<meta name=\"author\" content=\"St\u00e9phane Miget\" \/>\n<meta name=\"twitter:card\" content=\"summary_large_image\" \/>\n<meta name=\"twitter:creator\" content=\"@bati_journal\" \/>\n<meta name=\"twitter:site\" content=\"@bati_journal\" \/>\n<meta name=\"twitter:label1\" content=\"\u00c9crit par\" \/>\n\t<meta name=\"twitter:data1\" content=\"St\u00e9phane Miget\" \/>\n\t<meta name=\"twitter:label2\" content=\"Dur\u00e9e de lecture estim\u00e9e\" \/>\n\t<meta name=\"twitter:data2\" content=\"3 minutes\" \/>\n<script type=\"application\/ld+json\" class=\"yoast-schema-graph\">{\"@context\":\"https:\\\/\\\/schema.org\",\"@graph\":[{\"@type\":\"Article\",\"@id\":\"https:\\\/\\\/batijournal.com\\\/index.php\\\/prelevement-a-la-source-la-capeb-alerte-lexecutif\\\/99497\\\/#article\",\"isPartOf\":{\"@id\":\"https:\\\/\\\/batijournal.com\\\/index.php\\\/prelevement-a-la-source-la-capeb-alerte-lexecutif\\\/99497\\\/\"},\"author\":{\"name\":\"St\u00e9phane Miget\",\"@id\":\"https:\\\/\\\/batijournal.com\\\/#\\\/schema\\\/person\\\/1dc96ec6957aa1ccb25ebe78bb19f100\"},\"headline\":\"Pr\u00e9l\u00e8vement \u00e0 la source : la CAPEB alerte l&rsquo;ex\u00e9cutif\",\"datePublished\":\"2018-06-25T10:04:45+00:00\",\"dateModified\":\"2019-07-15T09:34:01+00:00\",\"mainEntityOfPage\":{\"@id\":\"https:\\\/\\\/batijournal.com\\\/index.php\\\/prelevement-a-la-source-la-capeb-alerte-lexecutif\\\/99497\\\/\"},\"wordCount\":612,\"image\":{\"@id\":\"https:\\\/\\\/batijournal.com\\\/index.php\\\/prelevement-a-la-source-la-capeb-alerte-lexecutif\\\/99497\\\/#primaryimage\"},\"thumbnailUrl\":\"https:\\\/\\\/batijournal.com\\\/wp-content\\\/uploads\\\/2018\\\/06\\\/impots-gouv.png\",\"keywords\":[\"CAPEB\",\"impots\"],\"articleSection\":[\"Actualit\u00e9s\",\"\u00c9conomie &amp; March\u00e9s\"],\"inLanguage\":\"fr-FR\"},{\"@type\":\"WebPage\",\"@id\":\"https:\\\/\\\/batijournal.com\\\/index.php\\\/prelevement-a-la-source-la-capeb-alerte-lexecutif\\\/99497\\\/\",\"url\":\"https:\\\/\\\/batijournal.com\\\/index.php\\\/prelevement-a-la-source-la-capeb-alerte-lexecutif\\\/99497\\\/\",\"name\":\"Pr\u00e9l\u00e8vement \u00e0 la source : la CAPEB alerte l'ex\u00e9cutif\",\"isPartOf\":{\"@id\":\"https:\\\/\\\/batijournal.com\\\/#website\"},\"primaryImageOfPage\":{\"@id\":\"https:\\\/\\\/batijournal.com\\\/index.php\\\/prelevement-a-la-source-la-capeb-alerte-lexecutif\\\/99497\\\/#primaryimage\"},\"image\":{\"@id\":\"https:\\\/\\\/batijournal.com\\\/index.php\\\/prelevement-a-la-source-la-capeb-alerte-lexecutif\\\/99497\\\/#primaryimage\"},\"thumbnailUrl\":\"https:\\\/\\\/batijournal.com\\\/wp-content\\\/uploads\\\/2018\\\/06\\\/impots-gouv.png\",\"datePublished\":\"2018-06-25T10:04:45+00:00\",\"dateModified\":\"2019-07-15T09:34:01+00:00\",\"author\":{\"@id\":\"https:\\\/\\\/batijournal.com\\\/#\\\/schema\\\/person\\\/1dc96ec6957aa1ccb25ebe78bb19f100\"},\"description\":\"La Capeb se mobilise contre le pr\u00e9l\u00e8vement de l\u2019imp\u00f4t \u00e0 la source, qui doit entrer en vigueur le 1er janvier 2019. Elle publie une lettre ouverte..\",\"breadcrumb\":{\"@id\":\"https:\\\/\\\/batijournal.com\\\/index.php\\\/prelevement-a-la-source-la-capeb-alerte-lexecutif\\\/99497\\\/#breadcrumb\"},\"inLanguage\":\"fr-FR\",\"potentialAction\":[{\"@type\":\"ReadAction\",\"target\":[\"https:\\\/\\\/batijournal.com\\\/index.php\\\/prelevement-a-la-source-la-capeb-alerte-lexecutif\\\/99497\\\/\"]}]},{\"@type\":\"ImageObject\",\"inLanguage\":\"fr-FR\",\"@id\":\"https:\\\/\\\/batijournal.com\\\/index.php\\\/prelevement-a-la-source-la-capeb-alerte-lexecutif\\\/99497\\\/#primaryimage\",\"url\":\"https:\\\/\\\/batijournal.com\\\/wp-content\\\/uploads\\\/2018\\\/06\\\/impots-gouv.png\",\"contentUrl\":\"https:\\\/\\\/batijournal.com\\\/wp-content\\\/uploads\\\/2018\\\/06\\\/impots-gouv.png\",\"width\":880,\"height\":540},{\"@type\":\"BreadcrumbList\",\"@id\":\"https:\\\/\\\/batijournal.com\\\/index.php\\\/prelevement-a-la-source-la-capeb-alerte-lexecutif\\\/99497\\\/#breadcrumb\",\"itemListElement\":[{\"@type\":\"ListItem\",\"position\":1,\"name\":\"Accueil\",\"item\":\"https:\\\/\\\/batijournal.com\\\/\"},{\"@type\":\"ListItem\",\"position\":2,\"name\":\"Actualit\u00e9s\",\"item\":\"https:\\\/\\\/batijournal.com\\\/index.php\\\/category\\\/actualites\\\/\"},{\"@type\":\"ListItem\",\"position\":3,\"name\":\"Pr\u00e9l\u00e8vement \u00e0 la source : la CAPEB alerte l&rsquo;ex\u00e9cutif\"}]},{\"@type\":\"WebSite\",\"@id\":\"https:\\\/\\\/batijournal.com\\\/#website\",\"url\":\"https:\\\/\\\/batijournal.com\\\/\",\"name\":\"Batijournal\",\"description\":\"L&#039;actualit\u00e9 du b\u00e2timent\",\"potentialAction\":[{\"@type\":\"SearchAction\",\"target\":{\"@type\":\"EntryPoint\",\"urlTemplate\":\"https:\\\/\\\/batijournal.com\\\/?s={search_term_string}\"},\"query-input\":{\"@type\":\"PropertyValueSpecification\",\"valueRequired\":true,\"valueName\":\"search_term_string\"}}],\"inLanguage\":\"fr-FR\"},{\"@type\":\"Person\",\"@id\":\"https:\\\/\\\/batijournal.com\\\/#\\\/schema\\\/person\\\/1dc96ec6957aa1ccb25ebe78bb19f100\",\"name\":\"St\u00e9phane Miget\",\"image\":{\"@type\":\"ImageObject\",\"inLanguage\":\"fr-FR\",\"@id\":\"https:\\\/\\\/secure.gravatar.com\\\/avatar\\\/89915563d925342126b8ef0281b93d9d7fc337043e8df017f780908eb9644451?s=96&d=mm&r=g\",\"url\":\"https:\\\/\\\/secure.gravatar.com\\\/avatar\\\/89915563d925342126b8ef0281b93d9d7fc337043e8df017f780908eb9644451?s=96&d=mm&r=g\",\"contentUrl\":\"https:\\\/\\\/secure.gravatar.com\\\/avatar\\\/89915563d925342126b8ef0281b93d9d7fc337043e8df017f780908eb9644451?s=96&d=mm&r=g\",\"caption\":\"St\u00e9phane Miget\"},\"url\":\"https:\\\/\\\/batijournal.com\\\/index.php\\\/author\\\/stephane\\\/\"}]}<\/script>\n<!-- \/ Yoast SEO plugin. -->","yoast_head_json":{"title":"Pr\u00e9l\u00e8vement \u00e0 la source : la CAPEB alerte l'ex\u00e9cutif","description":"La Capeb se mobilise contre le pr\u00e9l\u00e8vement de l\u2019imp\u00f4t \u00e0 la source, qui doit entrer en vigueur le 1er janvier 2019. Elle publie une lettre ouverte..","robots":{"index":"index","follow":"follow","max-snippet":"max-snippet:-1","max-image-preview":"max-image-preview:large","max-video-preview":"max-video-preview:-1"},"canonical":"https:\/\/batijournal.com\/index.php\/prelevement-a-la-source-la-capeb-alerte-lexecutif\/99497\/","og_locale":"fr_FR","og_type":"article","og_title":"Pr\u00e9l\u00e8vement \u00e0 la source : la CAPEB alerte l'ex\u00e9cutif","og_description":"La Capeb se mobilise contre le pr\u00e9l\u00e8vement de l\u2019imp\u00f4t \u00e0 la source, qui doit entrer en vigueur le 1er janvier 2019. Elle publie une lettre ouverte..","og_url":"https:\/\/batijournal.com\/index.php\/prelevement-a-la-source-la-capeb-alerte-lexecutif\/99497\/","og_site_name":"Batijournal","article_published_time":"2018-06-25T10:04:45+00:00","article_modified_time":"2019-07-15T09:34:01+00:00","og_image":[{"width":880,"height":540,"url":"https:\/\/batijournal.com\/wp-content\/uploads\/2018\/06\/impots-gouv.png","type":"image\/png"}],"author":"St\u00e9phane Miget","twitter_card":"summary_large_image","twitter_creator":"@bati_journal","twitter_site":"@bati_journal","twitter_misc":{"\u00c9crit par":"St\u00e9phane Miget","Dur\u00e9e de lecture estim\u00e9e":"3 minutes"},"schema":{"@context":"https:\/\/schema.org","@graph":[{"@type":"Article","@id":"https:\/\/batijournal.com\/index.php\/prelevement-a-la-source-la-capeb-alerte-lexecutif\/99497\/#article","isPartOf":{"@id":"https:\/\/batijournal.com\/index.php\/prelevement-a-la-source-la-capeb-alerte-lexecutif\/99497\/"},"author":{"name":"St\u00e9phane Miget","@id":"https:\/\/batijournal.com\/#\/schema\/person\/1dc96ec6957aa1ccb25ebe78bb19f100"},"headline":"Pr\u00e9l\u00e8vement \u00e0 la source : la CAPEB alerte l&rsquo;ex\u00e9cutif","datePublished":"2018-06-25T10:04:45+00:00","dateModified":"2019-07-15T09:34:01+00:00","mainEntityOfPage":{"@id":"https:\/\/batijournal.com\/index.php\/prelevement-a-la-source-la-capeb-alerte-lexecutif\/99497\/"},"wordCount":612,"image":{"@id":"https:\/\/batijournal.com\/index.php\/prelevement-a-la-source-la-capeb-alerte-lexecutif\/99497\/#primaryimage"},"thumbnailUrl":"https:\/\/batijournal.com\/wp-content\/uploads\/2018\/06\/impots-gouv.png","keywords":["CAPEB","impots"],"articleSection":["Actualit\u00e9s","\u00c9conomie &amp; March\u00e9s"],"inLanguage":"fr-FR"},{"@type":"WebPage","@id":"https:\/\/batijournal.com\/index.php\/prelevement-a-la-source-la-capeb-alerte-lexecutif\/99497\/","url":"https:\/\/batijournal.com\/index.php\/prelevement-a-la-source-la-capeb-alerte-lexecutif\/99497\/","name":"Pr\u00e9l\u00e8vement \u00e0 la source : la CAPEB alerte l'ex\u00e9cutif","isPartOf":{"@id":"https:\/\/batijournal.com\/#website"},"primaryImageOfPage":{"@id":"https:\/\/batijournal.com\/index.php\/prelevement-a-la-source-la-capeb-alerte-lexecutif\/99497\/#primaryimage"},"image":{"@id":"https:\/\/batijournal.com\/index.php\/prelevement-a-la-source-la-capeb-alerte-lexecutif\/99497\/#primaryimage"},"thumbnailUrl":"https:\/\/batijournal.com\/wp-content\/uploads\/2018\/06\/impots-gouv.png","datePublished":"2018-06-25T10:04:45+00:00","dateModified":"2019-07-15T09:34:01+00:00","author":{"@id":"https:\/\/batijournal.com\/#\/schema\/person\/1dc96ec6957aa1ccb25ebe78bb19f100"},"description":"La Capeb se mobilise contre le pr\u00e9l\u00e8vement de l\u2019imp\u00f4t \u00e0 la source, qui doit entrer en vigueur le 1er janvier 2019. Elle publie une lettre ouverte..","breadcrumb":{"@id":"https:\/\/batijournal.com\/index.php\/prelevement-a-la-source-la-capeb-alerte-lexecutif\/99497\/#breadcrumb"},"inLanguage":"fr-FR","potentialAction":[{"@type":"ReadAction","target":["https:\/\/batijournal.com\/index.php\/prelevement-a-la-source-la-capeb-alerte-lexecutif\/99497\/"]}]},{"@type":"ImageObject","inLanguage":"fr-FR","@id":"https:\/\/batijournal.com\/index.php\/prelevement-a-la-source-la-capeb-alerte-lexecutif\/99497\/#primaryimage","url":"https:\/\/batijournal.com\/wp-content\/uploads\/2018\/06\/impots-gouv.png","contentUrl":"https:\/\/batijournal.com\/wp-content\/uploads\/2018\/06\/impots-gouv.png","width":880,"height":540},{"@type":"BreadcrumbList","@id":"https:\/\/batijournal.com\/index.php\/prelevement-a-la-source-la-capeb-alerte-lexecutif\/99497\/#breadcrumb","itemListElement":[{"@type":"ListItem","position":1,"name":"Accueil","item":"https:\/\/batijournal.com\/"},{"@type":"ListItem","position":2,"name":"Actualit\u00e9s","item":"https:\/\/batijournal.com\/index.php\/category\/actualites\/"},{"@type":"ListItem","position":3,"name":"Pr\u00e9l\u00e8vement \u00e0 la source : la CAPEB alerte l&rsquo;ex\u00e9cutif"}]},{"@type":"WebSite","@id":"https:\/\/batijournal.com\/#website","url":"https:\/\/batijournal.com\/","name":"Batijournal","description":"L&#039;actualit\u00e9 du b\u00e2timent","potentialAction":[{"@type":"SearchAction","target":{"@type":"EntryPoint","urlTemplate":"https:\/\/batijournal.com\/?s={search_term_string}"},"query-input":{"@type":"PropertyValueSpecification","valueRequired":true,"valueName":"search_term_string"}}],"inLanguage":"fr-FR"},{"@type":"Person","@id":"https:\/\/batijournal.com\/#\/schema\/person\/1dc96ec6957aa1ccb25ebe78bb19f100","name":"St\u00e9phane Miget","image":{"@type":"ImageObject","inLanguage":"fr-FR","@id":"https:\/\/secure.gravatar.com\/avatar\/89915563d925342126b8ef0281b93d9d7fc337043e8df017f780908eb9644451?s=96&d=mm&r=g","url":"https:\/\/secure.gravatar.com\/avatar\/89915563d925342126b8ef0281b93d9d7fc337043e8df017f780908eb9644451?s=96&d=mm&r=g","contentUrl":"https:\/\/secure.gravatar.com\/avatar\/89915563d925342126b8ef0281b93d9d7fc337043e8df017f780908eb9644451?s=96&d=mm&r=g","caption":"St\u00e9phane Miget"},"url":"https:\/\/batijournal.com\/index.php\/author\/stephane\/"}]}},"_links":{"self":[{"href":"https:\/\/batijournal.com\/index.php\/wp-json\/wp\/v2\/posts\/99497","targetHints":{"allow":["GET"]}}],"collection":[{"href":"https:\/\/batijournal.com\/index.php\/wp-json\/wp\/v2\/posts"}],"about":[{"href":"https:\/\/batijournal.com\/index.php\/wp-json\/wp\/v2\/types\/post"}],"author":[{"embeddable":true,"href":"https:\/\/batijournal.com\/index.php\/wp-json\/wp\/v2\/users\/17"}],"replies":[{"embeddable":true,"href":"https:\/\/batijournal.com\/index.php\/wp-json\/wp\/v2\/comments?post=99497"}],"version-history":[{"count":0,"href":"https:\/\/batijournal.com\/index.php\/wp-json\/wp\/v2\/posts\/99497\/revisions"}],"wp:featuredmedia":[{"embeddable":true,"href":"https:\/\/batijournal.com\/index.php\/wp-json\/wp\/v2\/media\/99498"}],"wp:attachment":[{"href":"https:\/\/batijournal.com\/index.php\/wp-json\/wp\/v2\/media?parent=99497"}],"wp:term":[{"taxonomy":"category","embeddable":true,"href":"https:\/\/batijournal.com\/index.php\/wp-json\/wp\/v2\/categories?post=99497"},{"taxonomy":"post_tag","embeddable":true,"href":"https:\/\/batijournal.com\/index.php\/wp-json\/wp\/v2\/tags?post=99497"}],"curies":[{"name":"wp","href":"https:\/\/api.w.org\/{rel}","templated":true}]}}