{"id":99538,"date":"2018-06-27T06:08:12","date_gmt":"2018-06-27T04:08:12","guid":{"rendered":"https:\/\/batijournal.com\/?p=99538"},"modified":"2019-07-15T11:15:02","modified_gmt":"2019-07-15T09:15:02","slug":"souscription-nationale-patrimoine-minier-en-danger","status":"publish","type":"post","link":"https:\/\/batijournal.com\/index.php\/souscription-nationale-patrimoine-minier-en-danger\/99538\/","title":{"rendered":"Souscription nationale \u00ab Patrimoine minier en danger \u00bb"},"content":{"rendered":"<p>Mardi 26 juin 2018 au si\u00e8ge de l\u2019Unesco \u00e0 Paris, la Fondation du patrimoine et la Mission Bassin minier Nord-Pas-de-Calais ont lanc\u00e9 la souscription nationale \u00ab Patrimoine minier en danger \u00bb.<\/p>\n<p>Le Bassin minier Nord-Pas-de-Calais, constitu\u00e9 de 353 \u00e9l\u00e9ments, est inscrit le 30 juin 2012 sur la Liste du patrimoine mondial de l\u2019Unesco, au titre de \u00ab paysage culturel \u00e9volutif vivant \u00bb.<\/p>\n<p>Ces 353 \u00e9l\u00e9ments forment un ensemble indissociable au vu de l\u2019inscription. R\u00e9partis sur 4000 hectares de Cond\u00e9-sur-l\u2019Escaut \u00e0 Enquin-lez-Guinegatte, ces cit\u00e9s mini\u00e8res, fosses d\u2019extraction, chevalements, terrils&#8230;, permettent de comprendre l\u2019empreinte laiss\u00e9e par 270 ans d\u2019exploitation charbonni\u00e8re.<\/p>\n<p>Parmi les 353 \u00e9l\u00e9ments identifi\u00e9s, 343 sont la propri\u00e9t\u00e9 de communes et leur \u00e9tat de conservation est satisfaisant. Les 10 derniers \u00e9l\u00e9ments inscrits appartiennent \u00e0 des propri\u00e9taires de diff\u00e9rente nature (propri\u00e9taires priv\u00e9s, association dioc\u00e9saine, \u00e9tablissements publics fonciers, &#8230;), et se trouvent dans un \u00e9tat de conservation pr\u00e9occupant.<\/p>\n<p>L\u2019objectif est que ces 10 \u00e9l\u00e9ments soient acquis par les communes o\u00f9 ils sont situ\u00e9s, et mis en s\u00e9curit\u00e9 au plus vite. Une clause de revoyure \u00e9tant pr\u00e9vue en 2019 avec le Centre du Patrimoine mondial, il est important de trouver des solutions avant cette date pour pr\u00e9server l\u2019inscription.<\/p>\n<p>La souscription \u00ab Patrimoine minier en danger \u00bb a pour but de sensibiliser le plus grand nombre de nos concitoyens sur la valeur que repr\u00e9sente pour ce territoire l\u2019inscription au patrimoine mondial de l\u2019Unesco. Chaque don sera consid\u00e9r\u00e9 comme un like. Il permettra de mobiliser les pouvoirs publics et les incitera \u00e0 se saisir de ces 10 sites aujourd\u2019hui \u00e0 l\u2019abandon, et \u00e0 leur trouver un projet de valorisation.<\/p>\n<p><a href=\"https:\/\/www.fondation-patrimoine.org\" target=\"_blank\" rel=\"noopener noreferrer\">Pour en savoir plus<\/a><\/p>\n<p>&nbsp;<\/p>\n","protected":false},"excerpt":{"rendered":"<p>Mardi 26 juin 2018 au si\u00e8ge de l\u2019Unesco \u00e0 Paris, la Fondation du patrimoine et la Mission Bassin minier Nord-Pas-de-Calais ont lanc\u00e9 la souscription nationale \u00ab Patrimoine minier en danger \u00bb. Le Bassin minier Nord-Pas-de-Calais, constitu\u00e9 de 353 \u00e9l\u00e9ments, est inscrit le 30 juin 2012 sur la Liste du patrimoine mondial de l\u2019Unesco, au titre [&hellip;]<\/p>\n","protected":false},"author":17,"featured_media":99540,"comment_status":"closed","ping_status":"closed","sticky":false,"template":"","format":"standard","meta":{"_et_pb_use_builder":"","_et_pb_old_content":"","_et_gb_content_width":"","footnotes":""},"categories":[10530,6340,10785],"tags":[5905],"class_list":["post-99538","post","type-post","status-publish","format-standard","has-post-thumbnail","hentry","category-actualites","category-architecture-conception","category-atrium","tag-fondation-du-patrimoine"],"yoast_head":"<!-- This site is optimized with the Yoast SEO plugin v27.4 - https:\/\/yoast.com\/product\/yoast-seo-wordpress\/ -->\n<title>Souscription nationale \u00ab Patrimoine minier en danger \u00bb<\/title>\n<meta name=\"description\" content=\"La Fondation du patrimoine et la Mission Bassin minier Nord-Pas-de-Calais ont lanc\u00e9 la souscription nationale \u00ab Patrimoine minier en danger \u00bb.\" \/>\n<meta name=\"robots\" content=\"index, follow, max-snippet:-1, max-image-preview:large, max-video-preview:-1\" \/>\n<link rel=\"canonical\" href=\"https:\/\/batijournal.com\/index.php\/souscription-nationale-patrimoine-minier-en-danger\/99538\/\" \/>\n<meta property=\"og:locale\" content=\"fr_FR\" \/>\n<meta property=\"og:type\" content=\"article\" \/>\n<meta property=\"og:title\" content=\"Souscription nationale \u00ab Patrimoine minier en danger \u00bb\" \/>\n<meta property=\"og:description\" content=\"La Fondation du patrimoine et la Mission Bassin minier Nord-Pas-de-Calais ont lanc\u00e9 la souscription nationale \u00ab Patrimoine minier en danger \u00bb.\" \/>\n<meta property=\"og:url\" content=\"https:\/\/batijournal.com\/index.php\/souscription-nationale-patrimoine-minier-en-danger\/99538\/\" \/>\n<meta property=\"og:site_name\" content=\"Batijournal\" \/>\n<meta property=\"article:published_time\" content=\"2018-06-27T04:08:12+00:00\" \/>\n<meta property=\"article:modified_time\" content=\"2019-07-15T09:15:02+00:00\" \/>\n<meta property=\"og:image\" content=\"https:\/\/batijournal.com\/wp-content\/uploads\/2018\/06\/bassin-minier-fondation-du-patrimoine.png\" \/>\n\t<meta property=\"og:image:width\" content=\"829\" \/>\n\t<meta property=\"og:image:height\" content=\"452\" \/>\n\t<meta property=\"og:image:type\" content=\"image\/png\" \/>\n<meta name=\"author\" content=\"St\u00e9phane Miget\" \/>\n<meta name=\"twitter:card\" content=\"summary_large_image\" \/>\n<meta name=\"twitter:creator\" content=\"@bati_journal\" \/>\n<meta name=\"twitter:site\" content=\"@bati_journal\" \/>\n<meta name=\"twitter:label1\" content=\"\u00c9crit par\" \/>\n\t<meta name=\"twitter:data1\" content=\"St\u00e9phane Miget\" \/>\n\t<meta name=\"twitter:label2\" content=\"Dur\u00e9e de lecture estim\u00e9e\" \/>\n\t<meta name=\"twitter:data2\" content=\"1 minute\" \/>\n<script type=\"application\/ld+json\" class=\"yoast-schema-graph\">{\"@context\":\"https:\\\/\\\/schema.org\",\"@graph\":[{\"@type\":\"Article\",\"@id\":\"https:\\\/\\\/batijournal.com\\\/index.php\\\/souscription-nationale-patrimoine-minier-en-danger\\\/99538\\\/#article\",\"isPartOf\":{\"@id\":\"https:\\\/\\\/batijournal.com\\\/index.php\\\/souscription-nationale-patrimoine-minier-en-danger\\\/99538\\\/\"},\"author\":{\"name\":\"St\u00e9phane Miget\",\"@id\":\"https:\\\/\\\/batijournal.com\\\/#\\\/schema\\\/person\\\/1dc96ec6957aa1ccb25ebe78bb19f100\"},\"headline\":\"Souscription nationale \u00ab Patrimoine minier en danger \u00bb\",\"datePublished\":\"2018-06-27T04:08:12+00:00\",\"dateModified\":\"2019-07-15T09:15:02+00:00\",\"mainEntityOfPage\":{\"@id\":\"https:\\\/\\\/batijournal.com\\\/index.php\\\/souscription-nationale-patrimoine-minier-en-danger\\\/99538\\\/\"},\"wordCount\":286,\"image\":{\"@id\":\"https:\\\/\\\/batijournal.com\\\/index.php\\\/souscription-nationale-patrimoine-minier-en-danger\\\/99538\\\/#primaryimage\"},\"thumbnailUrl\":\"https:\\\/\\\/batijournal.com\\\/wp-content\\\/uploads\\\/2018\\\/06\\\/bassin-minier-fondation-du-patrimoine.png\",\"keywords\":[\"fondation du patrimoine\"],\"articleSection\":[\"Actualit\u00e9s\",\"Architecture &amp; Conception\",\"zz_Atrium Patrimoine\"],\"inLanguage\":\"fr-FR\"},{\"@type\":\"WebPage\",\"@id\":\"https:\\\/\\\/batijournal.com\\\/index.php\\\/souscription-nationale-patrimoine-minier-en-danger\\\/99538\\\/\",\"url\":\"https:\\\/\\\/batijournal.com\\\/index.php\\\/souscription-nationale-patrimoine-minier-en-danger\\\/99538\\\/\",\"name\":\"Souscription nationale \u00ab Patrimoine minier en danger \u00bb\",\"isPartOf\":{\"@id\":\"https:\\\/\\\/batijournal.com\\\/#website\"},\"primaryImageOfPage\":{\"@id\":\"https:\\\/\\\/batijournal.com\\\/index.php\\\/souscription-nationale-patrimoine-minier-en-danger\\\/99538\\\/#primaryimage\"},\"image\":{\"@id\":\"https:\\\/\\\/batijournal.com\\\/index.php\\\/souscription-nationale-patrimoine-minier-en-danger\\\/99538\\\/#primaryimage\"},\"thumbnailUrl\":\"https:\\\/\\\/batijournal.com\\\/wp-content\\\/uploads\\\/2018\\\/06\\\/bassin-minier-fondation-du-patrimoine.png\",\"datePublished\":\"2018-06-27T04:08:12+00:00\",\"dateModified\":\"2019-07-15T09:15:02+00:00\",\"author\":{\"@id\":\"https:\\\/\\\/batijournal.com\\\/#\\\/schema\\\/person\\\/1dc96ec6957aa1ccb25ebe78bb19f100\"},\"description\":\"La Fondation du patrimoine et la Mission Bassin minier Nord-Pas-de-Calais ont lanc\u00e9 la souscription nationale \u00ab Patrimoine minier en danger \u00bb.\",\"breadcrumb\":{\"@id\":\"https:\\\/\\\/batijournal.com\\\/index.php\\\/souscription-nationale-patrimoine-minier-en-danger\\\/99538\\\/#breadcrumb\"},\"inLanguage\":\"fr-FR\",\"potentialAction\":[{\"@type\":\"ReadAction\",\"target\":[\"https:\\\/\\\/batijournal.com\\\/index.php\\\/souscription-nationale-patrimoine-minier-en-danger\\\/99538\\\/\"]}]},{\"@type\":\"ImageObject\",\"inLanguage\":\"fr-FR\",\"@id\":\"https:\\\/\\\/batijournal.com\\\/index.php\\\/souscription-nationale-patrimoine-minier-en-danger\\\/99538\\\/#primaryimage\",\"url\":\"https:\\\/\\\/batijournal.com\\\/wp-content\\\/uploads\\\/2018\\\/06\\\/bassin-minier-fondation-du-patrimoine.png\",\"contentUrl\":\"https:\\\/\\\/batijournal.com\\\/wp-content\\\/uploads\\\/2018\\\/06\\\/bassin-minier-fondation-du-patrimoine.png\",\"width\":829,\"height\":452,\"caption\":\"Patrimoine minier en danger\"},{\"@type\":\"BreadcrumbList\",\"@id\":\"https:\\\/\\\/batijournal.com\\\/index.php\\\/souscription-nationale-patrimoine-minier-en-danger\\\/99538\\\/#breadcrumb\",\"itemListElement\":[{\"@type\":\"ListItem\",\"position\":1,\"name\":\"Accueil\",\"item\":\"https:\\\/\\\/batijournal.com\\\/\"},{\"@type\":\"ListItem\",\"position\":2,\"name\":\"Actualit\u00e9s\",\"item\":\"https:\\\/\\\/batijournal.com\\\/index.php\\\/category\\\/actualites\\\/\"},{\"@type\":\"ListItem\",\"position\":3,\"name\":\"Souscription nationale \u00ab Patrimoine minier en danger \u00bb\"}]},{\"@type\":\"WebSite\",\"@id\":\"https:\\\/\\\/batijournal.com\\\/#website\",\"url\":\"https:\\\/\\\/batijournal.com\\\/\",\"name\":\"Batijournal\",\"description\":\"L&#039;actualit\u00e9 du b\u00e2timent\",\"potentialAction\":[{\"@type\":\"SearchAction\",\"target\":{\"@type\":\"EntryPoint\",\"urlTemplate\":\"https:\\\/\\\/batijournal.com\\\/?s={search_term_string}\"},\"query-input\":{\"@type\":\"PropertyValueSpecification\",\"valueRequired\":true,\"valueName\":\"search_term_string\"}}],\"inLanguage\":\"fr-FR\"},{\"@type\":\"Person\",\"@id\":\"https:\\\/\\\/batijournal.com\\\/#\\\/schema\\\/person\\\/1dc96ec6957aa1ccb25ebe78bb19f100\",\"name\":\"St\u00e9phane Miget\",\"image\":{\"@type\":\"ImageObject\",\"inLanguage\":\"fr-FR\",\"@id\":\"https:\\\/\\\/secure.gravatar.com\\\/avatar\\\/89915563d925342126b8ef0281b93d9d7fc337043e8df017f780908eb9644451?s=96&d=mm&r=g\",\"url\":\"https:\\\/\\\/secure.gravatar.com\\\/avatar\\\/89915563d925342126b8ef0281b93d9d7fc337043e8df017f780908eb9644451?s=96&d=mm&r=g\",\"contentUrl\":\"https:\\\/\\\/secure.gravatar.com\\\/avatar\\\/89915563d925342126b8ef0281b93d9d7fc337043e8df017f780908eb9644451?s=96&d=mm&r=g\",\"caption\":\"St\u00e9phane Miget\"},\"url\":\"https:\\\/\\\/batijournal.com\\\/index.php\\\/author\\\/stephane\\\/\"}]}<\/script>\n<!-- \/ Yoast SEO plugin. -->","yoast_head_json":{"title":"Souscription nationale \u00ab Patrimoine minier en danger \u00bb","description":"La Fondation du patrimoine et la Mission Bassin minier Nord-Pas-de-Calais ont lanc\u00e9 la souscription nationale \u00ab Patrimoine minier en danger \u00bb.","robots":{"index":"index","follow":"follow","max-snippet":"max-snippet:-1","max-image-preview":"max-image-preview:large","max-video-preview":"max-video-preview:-1"},"canonical":"https:\/\/batijournal.com\/index.php\/souscription-nationale-patrimoine-minier-en-danger\/99538\/","og_locale":"fr_FR","og_type":"article","og_title":"Souscription nationale \u00ab Patrimoine minier en danger \u00bb","og_description":"La Fondation du patrimoine et la Mission Bassin minier Nord-Pas-de-Calais ont lanc\u00e9 la souscription nationale \u00ab Patrimoine minier en danger \u00bb.","og_url":"https:\/\/batijournal.com\/index.php\/souscription-nationale-patrimoine-minier-en-danger\/99538\/","og_site_name":"Batijournal","article_published_time":"2018-06-27T04:08:12+00:00","article_modified_time":"2019-07-15T09:15:02+00:00","og_image":[{"width":829,"height":452,"url":"https:\/\/batijournal.com\/wp-content\/uploads\/2018\/06\/bassin-minier-fondation-du-patrimoine.png","type":"image\/png"}],"author":"St\u00e9phane Miget","twitter_card":"summary_large_image","twitter_creator":"@bati_journal","twitter_site":"@bati_journal","twitter_misc":{"\u00c9crit par":"St\u00e9phane Miget","Dur\u00e9e de lecture estim\u00e9e":"1 minute"},"schema":{"@context":"https:\/\/schema.org","@graph":[{"@type":"Article","@id":"https:\/\/batijournal.com\/index.php\/souscription-nationale-patrimoine-minier-en-danger\/99538\/#article","isPartOf":{"@id":"https:\/\/batijournal.com\/index.php\/souscription-nationale-patrimoine-minier-en-danger\/99538\/"},"author":{"name":"St\u00e9phane Miget","@id":"https:\/\/batijournal.com\/#\/schema\/person\/1dc96ec6957aa1ccb25ebe78bb19f100"},"headline":"Souscription nationale \u00ab Patrimoine minier en danger \u00bb","datePublished":"2018-06-27T04:08:12+00:00","dateModified":"2019-07-15T09:15:02+00:00","mainEntityOfPage":{"@id":"https:\/\/batijournal.com\/index.php\/souscription-nationale-patrimoine-minier-en-danger\/99538\/"},"wordCount":286,"image":{"@id":"https:\/\/batijournal.com\/index.php\/souscription-nationale-patrimoine-minier-en-danger\/99538\/#primaryimage"},"thumbnailUrl":"https:\/\/batijournal.com\/wp-content\/uploads\/2018\/06\/bassin-minier-fondation-du-patrimoine.png","keywords":["fondation du patrimoine"],"articleSection":["Actualit\u00e9s","Architecture &amp; Conception","zz_Atrium Patrimoine"],"inLanguage":"fr-FR"},{"@type":"WebPage","@id":"https:\/\/batijournal.com\/index.php\/souscription-nationale-patrimoine-minier-en-danger\/99538\/","url":"https:\/\/batijournal.com\/index.php\/souscription-nationale-patrimoine-minier-en-danger\/99538\/","name":"Souscription nationale \u00ab Patrimoine minier en danger \u00bb","isPartOf":{"@id":"https:\/\/batijournal.com\/#website"},"primaryImageOfPage":{"@id":"https:\/\/batijournal.com\/index.php\/souscription-nationale-patrimoine-minier-en-danger\/99538\/#primaryimage"},"image":{"@id":"https:\/\/batijournal.com\/index.php\/souscription-nationale-patrimoine-minier-en-danger\/99538\/#primaryimage"},"thumbnailUrl":"https:\/\/batijournal.com\/wp-content\/uploads\/2018\/06\/bassin-minier-fondation-du-patrimoine.png","datePublished":"2018-06-27T04:08:12+00:00","dateModified":"2019-07-15T09:15:02+00:00","author":{"@id":"https:\/\/batijournal.com\/#\/schema\/person\/1dc96ec6957aa1ccb25ebe78bb19f100"},"description":"La Fondation du patrimoine et la Mission Bassin minier Nord-Pas-de-Calais ont lanc\u00e9 la souscription nationale \u00ab Patrimoine minier en danger \u00bb.","breadcrumb":{"@id":"https:\/\/batijournal.com\/index.php\/souscription-nationale-patrimoine-minier-en-danger\/99538\/#breadcrumb"},"inLanguage":"fr-FR","potentialAction":[{"@type":"ReadAction","target":["https:\/\/batijournal.com\/index.php\/souscription-nationale-patrimoine-minier-en-danger\/99538\/"]}]},{"@type":"ImageObject","inLanguage":"fr-FR","@id":"https:\/\/batijournal.com\/index.php\/souscription-nationale-patrimoine-minier-en-danger\/99538\/#primaryimage","url":"https:\/\/batijournal.com\/wp-content\/uploads\/2018\/06\/bassin-minier-fondation-du-patrimoine.png","contentUrl":"https:\/\/batijournal.com\/wp-content\/uploads\/2018\/06\/bassin-minier-fondation-du-patrimoine.png","width":829,"height":452,"caption":"Patrimoine minier en danger"},{"@type":"BreadcrumbList","@id":"https:\/\/batijournal.com\/index.php\/souscription-nationale-patrimoine-minier-en-danger\/99538\/#breadcrumb","itemListElement":[{"@type":"ListItem","position":1,"name":"Accueil","item":"https:\/\/batijournal.com\/"},{"@type":"ListItem","position":2,"name":"Actualit\u00e9s","item":"https:\/\/batijournal.com\/index.php\/category\/actualites\/"},{"@type":"ListItem","position":3,"name":"Souscription nationale \u00ab Patrimoine minier en danger \u00bb"}]},{"@type":"WebSite","@id":"https:\/\/batijournal.com\/#website","url":"https:\/\/batijournal.com\/","name":"Batijournal","description":"L&#039;actualit\u00e9 du b\u00e2timent","potentialAction":[{"@type":"SearchAction","target":{"@type":"EntryPoint","urlTemplate":"https:\/\/batijournal.com\/?s={search_term_string}"},"query-input":{"@type":"PropertyValueSpecification","valueRequired":true,"valueName":"search_term_string"}}],"inLanguage":"fr-FR"},{"@type":"Person","@id":"https:\/\/batijournal.com\/#\/schema\/person\/1dc96ec6957aa1ccb25ebe78bb19f100","name":"St\u00e9phane Miget","image":{"@type":"ImageObject","inLanguage":"fr-FR","@id":"https:\/\/secure.gravatar.com\/avatar\/89915563d925342126b8ef0281b93d9d7fc337043e8df017f780908eb9644451?s=96&d=mm&r=g","url":"https:\/\/secure.gravatar.com\/avatar\/89915563d925342126b8ef0281b93d9d7fc337043e8df017f780908eb9644451?s=96&d=mm&r=g","contentUrl":"https:\/\/secure.gravatar.com\/avatar\/89915563d925342126b8ef0281b93d9d7fc337043e8df017f780908eb9644451?s=96&d=mm&r=g","caption":"St\u00e9phane Miget"},"url":"https:\/\/batijournal.com\/index.php\/author\/stephane\/"}]}},"_links":{"self":[{"href":"https:\/\/batijournal.com\/index.php\/wp-json\/wp\/v2\/posts\/99538","targetHints":{"allow":["GET"]}}],"collection":[{"href":"https:\/\/batijournal.com\/index.php\/wp-json\/wp\/v2\/posts"}],"about":[{"href":"https:\/\/batijournal.com\/index.php\/wp-json\/wp\/v2\/types\/post"}],"author":[{"embeddable":true,"href":"https:\/\/batijournal.com\/index.php\/wp-json\/wp\/v2\/users\/17"}],"replies":[{"embeddable":true,"href":"https:\/\/batijournal.com\/index.php\/wp-json\/wp\/v2\/comments?post=99538"}],"version-history":[{"count":0,"href":"https:\/\/batijournal.com\/index.php\/wp-json\/wp\/v2\/posts\/99538\/revisions"}],"wp:featuredmedia":[{"embeddable":true,"href":"https:\/\/batijournal.com\/index.php\/wp-json\/wp\/v2\/media\/99540"}],"wp:attachment":[{"href":"https:\/\/batijournal.com\/index.php\/wp-json\/wp\/v2\/media?parent=99538"}],"wp:term":[{"taxonomy":"category","embeddable":true,"href":"https:\/\/batijournal.com\/index.php\/wp-json\/wp\/v2\/categories?post=99538"},{"taxonomy":"post_tag","embeddable":true,"href":"https:\/\/batijournal.com\/index.php\/wp-json\/wp\/v2\/tags?post=99538"}],"curies":[{"name":"wp","href":"https:\/\/api.w.org\/{rel}","templated":true}]}}