{"id":99550,"date":"2018-06-28T08:41:21","date_gmt":"2018-06-28T06:41:21","guid":{"rendered":"https:\/\/batijournal.com\/?p=99550"},"modified":"2019-07-15T12:07:07","modified_gmt":"2019-07-15T10:07:07","slug":"remise-du-prix-du-maitre-dapprentissage-2018","status":"publish","type":"post","link":"https:\/\/batijournal.com\/index.php\/remise-du-prix-du-maitre-dapprentissage-2018\/99550\/","title":{"rendered":"Remise du Prix du ma\u00eetre d\u2019apprentissage 2018"},"content":{"rendered":"<p><strong>Prix du ma\u00eetre d&rsquo;apprentissage 2018 : tout savoir sur la remise des prix de cette quatri\u00e8me \u00e9dition\u00a0\u00a0<\/strong><\/p>\n<p>Pour la quatri\u00e8me \u00e9dition du Prix du ma\u00eetre d\u2019apprentissage, GARANCE et l\u2019Assembl\u00e9e permanente des chambres de m\u00e9tiers et de l\u2019artisanat (APCMA) ont mis \u00e0 l\u2019honneur cinq artisans engag\u00e9s dans la formation des jeunes. La remise du Prix s\u2019est d\u00e9roul\u00e9e au si\u00e8ge de l\u2019APCMA, mardi 19 juin 2018, sous le haut patronage et en pr\u00e9sence de Muriel P\u00e9nicaud, ministre du Travail. <em>\u00ab En formant les futurs artisans et chefs d\u2019entreprise artisanale, les ma\u00eetres d\u2019apprentissage contribuent pleinement au dynamisme du secteur de l\u2019artisanat et plus largement de notre \u00e9conomie. Il est donc naturel d\u2019honorer la motivation, la passion, l\u2019investissement, la conviction et l\u2019engagement sans rel\u00e2che de celles et ceux qui accompagnent les jeunes dans la r\u00e9alisation de leur projet professionnel. \u00bb<\/em>, a soulign\u00e9 Bernard Stalter, pr\u00e9sident de l\u2019APCMA.<\/p>\n<p>Cinq ma\u00eetres d\u2019apprentissage d\u2019entreprises artisanales ont \u00e9t\u00e9 r\u00e9compens\u00e9s :<br \/>\n&#8211; Nicolas Gouin, dans la cat\u00e9gorie \u00ab\u00a0Mobilit\u00e9 Internationale\u00a0\u00bb (R\u00e9gion Normandie)<br \/>\n&#8211; S\u00e9bastien Mariojouls, dans la cat\u00e9gorie \u00ab\u00a0\u00c9change et transfert d&rsquo;exp\u00e9rience et\/ou de technologies\u00a0\u00bb (R\u00e9gion Occitanie)<br \/>\n&#8211; Bruno Cordier, dans la cat\u00e9gorie \u00ab\u00a0Engagement du ma\u00eetre d&rsquo;apprentissage\u00a0\u00bb (R\u00e9gion Centre-Val de Loire)<br \/>\n&#8211; Sylvestre Montanteme, dans la cat\u00e9gorie \u00ab\u00a0Valorisation de la mixit\u00e9\u00a0\u00bb (R\u00e9gion Auvergne-Rh\u00f4ne-Alpes)<br \/>\n&#8211; J\u00e9r\u00e9my Compagnat, dans la cat\u00e9gorie \u00ab\u00a0Jeune ma\u00eetre d&rsquo;apprentissage\u00a0\u00bb (R\u00e9gion Auvergne-Rh\u00f4ne-Alpes)<\/p>\n<p>Photo : \u00a0\u00a9Arekipa Productions<\/p>\n<p>&nbsp;<\/p>\n","protected":false},"excerpt":{"rendered":"<p>Prix du ma\u00eetre d&rsquo;apprentissage 2018 : tout savoir sur la remise des prix de cette quatri\u00e8me \u00e9dition\u00a0\u00a0 Pour la quatri\u00e8me \u00e9dition du Prix du ma\u00eetre d\u2019apprentissage, GARANCE et l\u2019Assembl\u00e9e permanente des chambres de m\u00e9tiers et de l\u2019artisanat (APCMA) ont mis \u00e0 l\u2019honneur cinq artisans engag\u00e9s dans la formation des jeunes. La remise du Prix s\u2019est [&hellip;]<\/p>\n","protected":false},"author":17,"featured_media":99551,"comment_status":"closed","ping_status":"closed","sticky":false,"template":"","format":"standard","meta":{"_et_pb_use_builder":"","_et_pb_old_content":"","_et_gb_content_width":"","footnotes":""},"categories":[10530,6345],"tags":[],"class_list":["post-99550","post","type-post","status-publish","format-standard","has-post-thumbnail","hentry","category-actualites","category-economie-marches"],"yoast_head":"<!-- This site is optimized with the Yoast SEO plugin v27.4 - https:\/\/yoast.com\/product\/yoast-seo-wordpress\/ -->\n<title>Remise du Prix du ma\u00eetre d\u2019apprentissage 2018<\/title>\n<meta name=\"description\" content=\"Pour la quatri\u00e8me \u00e9dition du Prix du ma\u00eetre d\u2019apprentissage, GARANCE et l\u2019APCMA ont mis \u00e0 l\u2019honneur cinq artisans engag\u00e9s dans la formation des jeunes.\" \/>\n<meta name=\"robots\" content=\"index, follow, max-snippet:-1, max-image-preview:large, max-video-preview:-1\" \/>\n<link rel=\"canonical\" href=\"https:\/\/batijournal.com\/index.php\/remise-du-prix-du-maitre-dapprentissage-2018\/99550\/\" \/>\n<meta property=\"og:locale\" content=\"fr_FR\" \/>\n<meta property=\"og:type\" content=\"article\" \/>\n<meta property=\"og:title\" content=\"Remise du Prix du ma\u00eetre d\u2019apprentissage 2018\" \/>\n<meta property=\"og:description\" content=\"Pour la quatri\u00e8me \u00e9dition du Prix du ma\u00eetre d\u2019apprentissage, GARANCE et l\u2019APCMA ont mis \u00e0 l\u2019honneur cinq artisans engag\u00e9s dans la formation des jeunes.\" \/>\n<meta property=\"og:url\" content=\"https:\/\/batijournal.com\/index.php\/remise-du-prix-du-maitre-dapprentissage-2018\/99550\/\" \/>\n<meta property=\"og:site_name\" content=\"Batijournal\" \/>\n<meta property=\"article:published_time\" content=\"2018-06-28T06:41:21+00:00\" \/>\n<meta property=\"article:modified_time\" content=\"2019-07-15T10:07:07+00:00\" \/>\n<meta property=\"og:image\" content=\"https:\/\/batijournal.com\/wp-content\/uploads\/2018\/06\/PrixMA2018_Sylvestre-Montanteme_Valorisation-Mixite.jpg\" \/>\n\t<meta property=\"og:image:width\" content=\"1200\" \/>\n\t<meta property=\"og:image:height\" content=\"800\" \/>\n\t<meta property=\"og:image:type\" content=\"image\/jpeg\" \/>\n<meta name=\"author\" content=\"St\u00e9phane Miget\" \/>\n<meta name=\"twitter:card\" content=\"summary_large_image\" \/>\n<meta name=\"twitter:creator\" content=\"@bati_journal\" \/>\n<meta name=\"twitter:site\" content=\"@bati_journal\" \/>\n<meta name=\"twitter:label1\" content=\"\u00c9crit par\" \/>\n\t<meta name=\"twitter:data1\" content=\"St\u00e9phane Miget\" \/>\n\t<meta name=\"twitter:label2\" content=\"Dur\u00e9e de lecture estim\u00e9e\" \/>\n\t<meta name=\"twitter:data2\" content=\"1 minute\" \/>\n<script type=\"application\/ld+json\" class=\"yoast-schema-graph\">{\"@context\":\"https:\\\/\\\/schema.org\",\"@graph\":[{\"@type\":\"Article\",\"@id\":\"https:\\\/\\\/batijournal.com\\\/index.php\\\/remise-du-prix-du-maitre-dapprentissage-2018\\\/99550\\\/#article\",\"isPartOf\":{\"@id\":\"https:\\\/\\\/batijournal.com\\\/index.php\\\/remise-du-prix-du-maitre-dapprentissage-2018\\\/99550\\\/\"},\"author\":{\"name\":\"St\u00e9phane Miget\",\"@id\":\"https:\\\/\\\/batijournal.com\\\/#\\\/schema\\\/person\\\/1dc96ec6957aa1ccb25ebe78bb19f100\"},\"headline\":\"Remise du Prix du ma\u00eetre d\u2019apprentissage 2018\",\"datePublished\":\"2018-06-28T06:41:21+00:00\",\"dateModified\":\"2019-07-15T10:07:07+00:00\",\"mainEntityOfPage\":{\"@id\":\"https:\\\/\\\/batijournal.com\\\/index.php\\\/remise-du-prix-du-maitre-dapprentissage-2018\\\/99550\\\/\"},\"wordCount\":275,\"image\":{\"@id\":\"https:\\\/\\\/batijournal.com\\\/index.php\\\/remise-du-prix-du-maitre-dapprentissage-2018\\\/99550\\\/#primaryimage\"},\"thumbnailUrl\":\"https:\\\/\\\/batijournal.com\\\/wp-content\\\/uploads\\\/2018\\\/06\\\/PrixMA2018_Sylvestre-Montanteme_Valorisation-Mixite.jpg\",\"articleSection\":[\"Actualit\u00e9s\",\"\u00c9conomie &amp; March\u00e9s\"],\"inLanguage\":\"fr-FR\"},{\"@type\":\"WebPage\",\"@id\":\"https:\\\/\\\/batijournal.com\\\/index.php\\\/remise-du-prix-du-maitre-dapprentissage-2018\\\/99550\\\/\",\"url\":\"https:\\\/\\\/batijournal.com\\\/index.php\\\/remise-du-prix-du-maitre-dapprentissage-2018\\\/99550\\\/\",\"name\":\"Remise du Prix du ma\u00eetre d\u2019apprentissage 2018\",\"isPartOf\":{\"@id\":\"https:\\\/\\\/batijournal.com\\\/#website\"},\"primaryImageOfPage\":{\"@id\":\"https:\\\/\\\/batijournal.com\\\/index.php\\\/remise-du-prix-du-maitre-dapprentissage-2018\\\/99550\\\/#primaryimage\"},\"image\":{\"@id\":\"https:\\\/\\\/batijournal.com\\\/index.php\\\/remise-du-prix-du-maitre-dapprentissage-2018\\\/99550\\\/#primaryimage\"},\"thumbnailUrl\":\"https:\\\/\\\/batijournal.com\\\/wp-content\\\/uploads\\\/2018\\\/06\\\/PrixMA2018_Sylvestre-Montanteme_Valorisation-Mixite.jpg\",\"datePublished\":\"2018-06-28T06:41:21+00:00\",\"dateModified\":\"2019-07-15T10:07:07+00:00\",\"author\":{\"@id\":\"https:\\\/\\\/batijournal.com\\\/#\\\/schema\\\/person\\\/1dc96ec6957aa1ccb25ebe78bb19f100\"},\"description\":\"Pour la quatri\u00e8me \u00e9dition du Prix du ma\u00eetre d\u2019apprentissage, GARANCE et l\u2019APCMA ont mis \u00e0 l\u2019honneur cinq artisans engag\u00e9s dans la formation des jeunes.\",\"breadcrumb\":{\"@id\":\"https:\\\/\\\/batijournal.com\\\/index.php\\\/remise-du-prix-du-maitre-dapprentissage-2018\\\/99550\\\/#breadcrumb\"},\"inLanguage\":\"fr-FR\",\"potentialAction\":[{\"@type\":\"ReadAction\",\"target\":[\"https:\\\/\\\/batijournal.com\\\/index.php\\\/remise-du-prix-du-maitre-dapprentissage-2018\\\/99550\\\/\"]}]},{\"@type\":\"ImageObject\",\"inLanguage\":\"fr-FR\",\"@id\":\"https:\\\/\\\/batijournal.com\\\/index.php\\\/remise-du-prix-du-maitre-dapprentissage-2018\\\/99550\\\/#primaryimage\",\"url\":\"https:\\\/\\\/batijournal.com\\\/wp-content\\\/uploads\\\/2018\\\/06\\\/PrixMA2018_Sylvestre-Montanteme_Valorisation-Mixite.jpg\",\"contentUrl\":\"https:\\\/\\\/batijournal.com\\\/wp-content\\\/uploads\\\/2018\\\/06\\\/PrixMA2018_Sylvestre-Montanteme_Valorisation-Mixite.jpg\",\"width\":1200,\"height\":800,\"caption\":\"Prix du maitre d\u2019apprentissage 2018\"},{\"@type\":\"BreadcrumbList\",\"@id\":\"https:\\\/\\\/batijournal.com\\\/index.php\\\/remise-du-prix-du-maitre-dapprentissage-2018\\\/99550\\\/#breadcrumb\",\"itemListElement\":[{\"@type\":\"ListItem\",\"position\":1,\"name\":\"Accueil\",\"item\":\"https:\\\/\\\/batijournal.com\\\/\"},{\"@type\":\"ListItem\",\"position\":2,\"name\":\"Actualit\u00e9s\",\"item\":\"https:\\\/\\\/batijournal.com\\\/index.php\\\/category\\\/actualites\\\/\"},{\"@type\":\"ListItem\",\"position\":3,\"name\":\"Remise du Prix du ma\u00eetre d\u2019apprentissage 2018\"}]},{\"@type\":\"WebSite\",\"@id\":\"https:\\\/\\\/batijournal.com\\\/#website\",\"url\":\"https:\\\/\\\/batijournal.com\\\/\",\"name\":\"Batijournal\",\"description\":\"L&#039;actualit\u00e9 du b\u00e2timent\",\"potentialAction\":[{\"@type\":\"SearchAction\",\"target\":{\"@type\":\"EntryPoint\",\"urlTemplate\":\"https:\\\/\\\/batijournal.com\\\/?s={search_term_string}\"},\"query-input\":{\"@type\":\"PropertyValueSpecification\",\"valueRequired\":true,\"valueName\":\"search_term_string\"}}],\"inLanguage\":\"fr-FR\"},{\"@type\":\"Person\",\"@id\":\"https:\\\/\\\/batijournal.com\\\/#\\\/schema\\\/person\\\/1dc96ec6957aa1ccb25ebe78bb19f100\",\"name\":\"St\u00e9phane Miget\",\"image\":{\"@type\":\"ImageObject\",\"inLanguage\":\"fr-FR\",\"@id\":\"https:\\\/\\\/secure.gravatar.com\\\/avatar\\\/89915563d925342126b8ef0281b93d9d7fc337043e8df017f780908eb9644451?s=96&d=mm&r=g\",\"url\":\"https:\\\/\\\/secure.gravatar.com\\\/avatar\\\/89915563d925342126b8ef0281b93d9d7fc337043e8df017f780908eb9644451?s=96&d=mm&r=g\",\"contentUrl\":\"https:\\\/\\\/secure.gravatar.com\\\/avatar\\\/89915563d925342126b8ef0281b93d9d7fc337043e8df017f780908eb9644451?s=96&d=mm&r=g\",\"caption\":\"St\u00e9phane Miget\"},\"url\":\"https:\\\/\\\/batijournal.com\\\/index.php\\\/author\\\/stephane\\\/\"}]}<\/script>\n<!-- \/ Yoast SEO plugin. -->","yoast_head_json":{"title":"Remise du Prix du ma\u00eetre d\u2019apprentissage 2018","description":"Pour la quatri\u00e8me \u00e9dition du Prix du ma\u00eetre d\u2019apprentissage, GARANCE et l\u2019APCMA ont mis \u00e0 l\u2019honneur cinq artisans engag\u00e9s dans la formation des jeunes.","robots":{"index":"index","follow":"follow","max-snippet":"max-snippet:-1","max-image-preview":"max-image-preview:large","max-video-preview":"max-video-preview:-1"},"canonical":"https:\/\/batijournal.com\/index.php\/remise-du-prix-du-maitre-dapprentissage-2018\/99550\/","og_locale":"fr_FR","og_type":"article","og_title":"Remise du Prix du ma\u00eetre d\u2019apprentissage 2018","og_description":"Pour la quatri\u00e8me \u00e9dition du Prix du ma\u00eetre d\u2019apprentissage, GARANCE et l\u2019APCMA ont mis \u00e0 l\u2019honneur cinq artisans engag\u00e9s dans la formation des jeunes.","og_url":"https:\/\/batijournal.com\/index.php\/remise-du-prix-du-maitre-dapprentissage-2018\/99550\/","og_site_name":"Batijournal","article_published_time":"2018-06-28T06:41:21+00:00","article_modified_time":"2019-07-15T10:07:07+00:00","og_image":[{"width":1200,"height":800,"url":"https:\/\/batijournal.com\/wp-content\/uploads\/2018\/06\/PrixMA2018_Sylvestre-Montanteme_Valorisation-Mixite.jpg","type":"image\/jpeg"}],"author":"St\u00e9phane Miget","twitter_card":"summary_large_image","twitter_creator":"@bati_journal","twitter_site":"@bati_journal","twitter_misc":{"\u00c9crit par":"St\u00e9phane Miget","Dur\u00e9e de lecture estim\u00e9e":"1 minute"},"schema":{"@context":"https:\/\/schema.org","@graph":[{"@type":"Article","@id":"https:\/\/batijournal.com\/index.php\/remise-du-prix-du-maitre-dapprentissage-2018\/99550\/#article","isPartOf":{"@id":"https:\/\/batijournal.com\/index.php\/remise-du-prix-du-maitre-dapprentissage-2018\/99550\/"},"author":{"name":"St\u00e9phane Miget","@id":"https:\/\/batijournal.com\/#\/schema\/person\/1dc96ec6957aa1ccb25ebe78bb19f100"},"headline":"Remise du Prix du ma\u00eetre d\u2019apprentissage 2018","datePublished":"2018-06-28T06:41:21+00:00","dateModified":"2019-07-15T10:07:07+00:00","mainEntityOfPage":{"@id":"https:\/\/batijournal.com\/index.php\/remise-du-prix-du-maitre-dapprentissage-2018\/99550\/"},"wordCount":275,"image":{"@id":"https:\/\/batijournal.com\/index.php\/remise-du-prix-du-maitre-dapprentissage-2018\/99550\/#primaryimage"},"thumbnailUrl":"https:\/\/batijournal.com\/wp-content\/uploads\/2018\/06\/PrixMA2018_Sylvestre-Montanteme_Valorisation-Mixite.jpg","articleSection":["Actualit\u00e9s","\u00c9conomie &amp; March\u00e9s"],"inLanguage":"fr-FR"},{"@type":"WebPage","@id":"https:\/\/batijournal.com\/index.php\/remise-du-prix-du-maitre-dapprentissage-2018\/99550\/","url":"https:\/\/batijournal.com\/index.php\/remise-du-prix-du-maitre-dapprentissage-2018\/99550\/","name":"Remise du Prix du ma\u00eetre d\u2019apprentissage 2018","isPartOf":{"@id":"https:\/\/batijournal.com\/#website"},"primaryImageOfPage":{"@id":"https:\/\/batijournal.com\/index.php\/remise-du-prix-du-maitre-dapprentissage-2018\/99550\/#primaryimage"},"image":{"@id":"https:\/\/batijournal.com\/index.php\/remise-du-prix-du-maitre-dapprentissage-2018\/99550\/#primaryimage"},"thumbnailUrl":"https:\/\/batijournal.com\/wp-content\/uploads\/2018\/06\/PrixMA2018_Sylvestre-Montanteme_Valorisation-Mixite.jpg","datePublished":"2018-06-28T06:41:21+00:00","dateModified":"2019-07-15T10:07:07+00:00","author":{"@id":"https:\/\/batijournal.com\/#\/schema\/person\/1dc96ec6957aa1ccb25ebe78bb19f100"},"description":"Pour la quatri\u00e8me \u00e9dition du Prix du ma\u00eetre d\u2019apprentissage, GARANCE et l\u2019APCMA ont mis \u00e0 l\u2019honneur cinq artisans engag\u00e9s dans la formation des jeunes.","breadcrumb":{"@id":"https:\/\/batijournal.com\/index.php\/remise-du-prix-du-maitre-dapprentissage-2018\/99550\/#breadcrumb"},"inLanguage":"fr-FR","potentialAction":[{"@type":"ReadAction","target":["https:\/\/batijournal.com\/index.php\/remise-du-prix-du-maitre-dapprentissage-2018\/99550\/"]}]},{"@type":"ImageObject","inLanguage":"fr-FR","@id":"https:\/\/batijournal.com\/index.php\/remise-du-prix-du-maitre-dapprentissage-2018\/99550\/#primaryimage","url":"https:\/\/batijournal.com\/wp-content\/uploads\/2018\/06\/PrixMA2018_Sylvestre-Montanteme_Valorisation-Mixite.jpg","contentUrl":"https:\/\/batijournal.com\/wp-content\/uploads\/2018\/06\/PrixMA2018_Sylvestre-Montanteme_Valorisation-Mixite.jpg","width":1200,"height":800,"caption":"Prix du maitre d\u2019apprentissage 2018"},{"@type":"BreadcrumbList","@id":"https:\/\/batijournal.com\/index.php\/remise-du-prix-du-maitre-dapprentissage-2018\/99550\/#breadcrumb","itemListElement":[{"@type":"ListItem","position":1,"name":"Accueil","item":"https:\/\/batijournal.com\/"},{"@type":"ListItem","position":2,"name":"Actualit\u00e9s","item":"https:\/\/batijournal.com\/index.php\/category\/actualites\/"},{"@type":"ListItem","position":3,"name":"Remise du Prix du ma\u00eetre d\u2019apprentissage 2018"}]},{"@type":"WebSite","@id":"https:\/\/batijournal.com\/#website","url":"https:\/\/batijournal.com\/","name":"Batijournal","description":"L&#039;actualit\u00e9 du b\u00e2timent","potentialAction":[{"@type":"SearchAction","target":{"@type":"EntryPoint","urlTemplate":"https:\/\/batijournal.com\/?s={search_term_string}"},"query-input":{"@type":"PropertyValueSpecification","valueRequired":true,"valueName":"search_term_string"}}],"inLanguage":"fr-FR"},{"@type":"Person","@id":"https:\/\/batijournal.com\/#\/schema\/person\/1dc96ec6957aa1ccb25ebe78bb19f100","name":"St\u00e9phane Miget","image":{"@type":"ImageObject","inLanguage":"fr-FR","@id":"https:\/\/secure.gravatar.com\/avatar\/89915563d925342126b8ef0281b93d9d7fc337043e8df017f780908eb9644451?s=96&d=mm&r=g","url":"https:\/\/secure.gravatar.com\/avatar\/89915563d925342126b8ef0281b93d9d7fc337043e8df017f780908eb9644451?s=96&d=mm&r=g","contentUrl":"https:\/\/secure.gravatar.com\/avatar\/89915563d925342126b8ef0281b93d9d7fc337043e8df017f780908eb9644451?s=96&d=mm&r=g","caption":"St\u00e9phane Miget"},"url":"https:\/\/batijournal.com\/index.php\/author\/stephane\/"}]}},"_links":{"self":[{"href":"https:\/\/batijournal.com\/index.php\/wp-json\/wp\/v2\/posts\/99550","targetHints":{"allow":["GET"]}}],"collection":[{"href":"https:\/\/batijournal.com\/index.php\/wp-json\/wp\/v2\/posts"}],"about":[{"href":"https:\/\/batijournal.com\/index.php\/wp-json\/wp\/v2\/types\/post"}],"author":[{"embeddable":true,"href":"https:\/\/batijournal.com\/index.php\/wp-json\/wp\/v2\/users\/17"}],"replies":[{"embeddable":true,"href":"https:\/\/batijournal.com\/index.php\/wp-json\/wp\/v2\/comments?post=99550"}],"version-history":[{"count":0,"href":"https:\/\/batijournal.com\/index.php\/wp-json\/wp\/v2\/posts\/99550\/revisions"}],"wp:featuredmedia":[{"embeddable":true,"href":"https:\/\/batijournal.com\/index.php\/wp-json\/wp\/v2\/media\/99551"}],"wp:attachment":[{"href":"https:\/\/batijournal.com\/index.php\/wp-json\/wp\/v2\/media?parent=99550"}],"wp:term":[{"taxonomy":"category","embeddable":true,"href":"https:\/\/batijournal.com\/index.php\/wp-json\/wp\/v2\/categories?post=99550"},{"taxonomy":"post_tag","embeddable":true,"href":"https:\/\/batijournal.com\/index.php\/wp-json\/wp\/v2\/tags?post=99550"}],"curies":[{"name":"wp","href":"https:\/\/api.w.org\/{rel}","templated":true}]}}