{"id":99561,"date":"2018-06-29T13:00:33","date_gmt":"2018-06-29T11:00:33","guid":{"rendered":"https:\/\/batijournal.com\/?p=99561"},"modified":"2018-08-30T12:45:44","modified_gmt":"2018-08-30T10:45:44","slug":"bois-francais-digitalise","status":"publish","type":"post","link":"https:\/\/batijournal.com\/index.php\/bois-francais-digitalise\/99561\/","title":{"rendered":"F\u00e9d\u00e9ration nationale du Bois pour un Bois fran\u00e7ais digitalis\u00e9"},"content":{"rendered":"<p>La F\u00e9d\u00e9ration nationale du Bois vient de lancer un nouveau site internet regroupant de fa\u00e7on d\u00e9taill\u00e9e l&rsquo;ensemble de l&rsquo;offre produits bois fran\u00e7ais, toute la documentation n\u00e9cessaire pour faire les bons choix et l&rsquo;annuaire des entreprises capables de r\u00e9pondre \u00e0 toutes les attentes.<\/p>\n<p>Lors du Carrefour international du bois \u00e0 Nantes, la FNB a \u00e9galement organis\u00e9 sur son stand une visite virtuelle d&rsquo;une r\u00e9alisation permettant de d\u00e9couvrir les bois mis en \u0153uvre et leurs caract\u00e9ristiques, et a pr\u00e9sent\u00e9 un film de 4 minutes retra\u00e7ant le parcours d&rsquo;un produit bois fran\u00e7ais depuis la for\u00eat jusqu&rsquo;\u00e0 sa mise en \u0153uvre.<\/p>\n<p>Ces deux outils sont d\u00e9sormais disponibles sur les smartphones et les tablettes via l&rsquo;application Le Bois Fran\u00e7ais 3.0.<\/p>\n<p><a href=\"http:\/\/www.preferez-le-bois-francais.fr\">D\u00e9couvrir le site<\/a><\/p>\n","protected":false},"excerpt":{"rendered":"<p>La F\u00e9d\u00e9ration nationale du Bois vient de lancer un nouveau site internet regroupant de fa\u00e7on d\u00e9taill\u00e9e l&rsquo;ensemble de l&rsquo;offre produits bois fran\u00e7ais, toute la documentation n\u00e9cessaire pour faire les bons choix et l&rsquo;annuaire des entreprises capables de r\u00e9pondre \u00e0 toutes les attentes. Lors du Carrefour international du bois \u00e0 Nantes, la FNB a \u00e9galement organis\u00e9 [&hellip;]<\/p>\n","protected":false},"author":17,"featured_media":99562,"comment_status":"closed","ping_status":"closed","sticky":false,"template":"","format":"standard","meta":{"_et_pb_use_builder":"","_et_pb_old_content":"","_et_gb_content_width":"","footnotes":""},"categories":[10530,10764],"tags":[11061,10673],"class_list":["post-99561","post","type-post","status-publish","format-standard","has-post-thumbnail","hentry","category-actualites","category-woodsurfer","tag-bois-francais","tag-federation-nationale-du-bois"],"yoast_head":"<!-- This site is optimized with the Yoast SEO plugin v27.4 - https:\/\/yoast.com\/product\/yoast-seo-wordpress\/ -->\n<title>F\u00e9d\u00e9ration nationale du Bois pour un Bois fran\u00e7ais digitalis\u00e9<\/title>\n<meta name=\"description\" content=\"La F\u00e9d\u00e9ration nationale du Bois vient de lancer un nouveau site internet regroupant de fa\u00e7on d\u00e9taill\u00e9e l&#039;ensemble de l&#039;offre produits bois fran\u00e7ais\" \/>\n<meta name=\"robots\" content=\"index, follow, max-snippet:-1, max-image-preview:large, max-video-preview:-1\" \/>\n<link rel=\"canonical\" href=\"https:\/\/batijournal.com\/index.php\/bois-francais-digitalise\/99561\/\" \/>\n<meta property=\"og:locale\" content=\"fr_FR\" \/>\n<meta property=\"og:type\" content=\"article\" \/>\n<meta property=\"og:title\" content=\"F\u00e9d\u00e9ration nationale du Bois pour un Bois fran\u00e7ais digitalis\u00e9\" \/>\n<meta property=\"og:description\" content=\"La F\u00e9d\u00e9ration nationale du Bois vient de lancer un nouveau site internet regroupant de fa\u00e7on d\u00e9taill\u00e9e l&#039;ensemble de l&#039;offre produits bois fran\u00e7ais\" \/>\n<meta property=\"og:url\" content=\"https:\/\/batijournal.com\/index.php\/bois-francais-digitalise\/99561\/\" \/>\n<meta property=\"og:site_name\" content=\"Batijournal\" \/>\n<meta property=\"article:published_time\" content=\"2018-06-29T11:00:33+00:00\" \/>\n<meta property=\"article:modified_time\" content=\"2018-08-30T10:45:44+00:00\" \/>\n<meta property=\"og:image\" content=\"https:\/\/batijournal.com\/wp-content\/uploads\/2018\/06\/BoisFrancais-Accueil.jpg\" \/>\n\t<meta property=\"og:image:width\" content=\"1895\" \/>\n\t<meta property=\"og:image:height\" content=\"913\" \/>\n\t<meta property=\"og:image:type\" content=\"image\/jpeg\" \/>\n<meta name=\"author\" content=\"St\u00e9phane Miget\" \/>\n<meta name=\"twitter:card\" content=\"summary_large_image\" \/>\n<meta name=\"twitter:creator\" content=\"@bati_journal\" \/>\n<meta name=\"twitter:site\" content=\"@bati_journal\" \/>\n<meta name=\"twitter:label1\" content=\"\u00c9crit par\" \/>\n\t<meta name=\"twitter:data1\" content=\"St\u00e9phane Miget\" \/>\n\t<meta name=\"twitter:label2\" content=\"Dur\u00e9e de lecture estim\u00e9e\" \/>\n\t<meta name=\"twitter:data2\" content=\"1 minute\" \/>\n<script type=\"application\/ld+json\" class=\"yoast-schema-graph\">{\"@context\":\"https:\\\/\\\/schema.org\",\"@graph\":[{\"@type\":\"Article\",\"@id\":\"https:\\\/\\\/batijournal.com\\\/index.php\\\/bois-francais-digitalise\\\/99561\\\/#article\",\"isPartOf\":{\"@id\":\"https:\\\/\\\/batijournal.com\\\/index.php\\\/bois-francais-digitalise\\\/99561\\\/\"},\"author\":{\"name\":\"St\u00e9phane Miget\",\"@id\":\"https:\\\/\\\/batijournal.com\\\/#\\\/schema\\\/person\\\/1dc96ec6957aa1ccb25ebe78bb19f100\"},\"headline\":\"F\u00e9d\u00e9ration nationale du Bois pour un Bois fran\u00e7ais digitalis\u00e9\",\"datePublished\":\"2018-06-29T11:00:33+00:00\",\"dateModified\":\"2018-08-30T10:45:44+00:00\",\"mainEntityOfPage\":{\"@id\":\"https:\\\/\\\/batijournal.com\\\/index.php\\\/bois-francais-digitalise\\\/99561\\\/\"},\"wordCount\":150,\"image\":{\"@id\":\"https:\\\/\\\/batijournal.com\\\/index.php\\\/bois-francais-digitalise\\\/99561\\\/#primaryimage\"},\"thumbnailUrl\":\"https:\\\/\\\/batijournal.com\\\/wp-content\\\/uploads\\\/2018\\\/06\\\/BoisFrancais-Accueil.jpg\",\"keywords\":[\"bois fran\u00e7ais\",\"F\u00e9d\u00e9ration nationale du bois\"],\"articleSection\":[\"Actualit\u00e9s\",\"zz_Woodsurfer\"],\"inLanguage\":\"fr-FR\"},{\"@type\":\"WebPage\",\"@id\":\"https:\\\/\\\/batijournal.com\\\/index.php\\\/bois-francais-digitalise\\\/99561\\\/\",\"url\":\"https:\\\/\\\/batijournal.com\\\/index.php\\\/bois-francais-digitalise\\\/99561\\\/\",\"name\":\"F\u00e9d\u00e9ration nationale du Bois pour un Bois fran\u00e7ais digitalis\u00e9\",\"isPartOf\":{\"@id\":\"https:\\\/\\\/batijournal.com\\\/#website\"},\"primaryImageOfPage\":{\"@id\":\"https:\\\/\\\/batijournal.com\\\/index.php\\\/bois-francais-digitalise\\\/99561\\\/#primaryimage\"},\"image\":{\"@id\":\"https:\\\/\\\/batijournal.com\\\/index.php\\\/bois-francais-digitalise\\\/99561\\\/#primaryimage\"},\"thumbnailUrl\":\"https:\\\/\\\/batijournal.com\\\/wp-content\\\/uploads\\\/2018\\\/06\\\/BoisFrancais-Accueil.jpg\",\"datePublished\":\"2018-06-29T11:00:33+00:00\",\"dateModified\":\"2018-08-30T10:45:44+00:00\",\"author\":{\"@id\":\"https:\\\/\\\/batijournal.com\\\/#\\\/schema\\\/person\\\/1dc96ec6957aa1ccb25ebe78bb19f100\"},\"description\":\"La F\u00e9d\u00e9ration nationale du Bois vient de lancer un nouveau site internet regroupant de fa\u00e7on d\u00e9taill\u00e9e l'ensemble de l'offre produits bois fran\u00e7ais\",\"breadcrumb\":{\"@id\":\"https:\\\/\\\/batijournal.com\\\/index.php\\\/bois-francais-digitalise\\\/99561\\\/#breadcrumb\"},\"inLanguage\":\"fr-FR\",\"potentialAction\":[{\"@type\":\"ReadAction\",\"target\":[\"https:\\\/\\\/batijournal.com\\\/index.php\\\/bois-francais-digitalise\\\/99561\\\/\"]}]},{\"@type\":\"ImageObject\",\"inLanguage\":\"fr-FR\",\"@id\":\"https:\\\/\\\/batijournal.com\\\/index.php\\\/bois-francais-digitalise\\\/99561\\\/#primaryimage\",\"url\":\"https:\\\/\\\/batijournal.com\\\/wp-content\\\/uploads\\\/2018\\\/06\\\/BoisFrancais-Accueil.jpg\",\"contentUrl\":\"https:\\\/\\\/batijournal.com\\\/wp-content\\\/uploads\\\/2018\\\/06\\\/BoisFrancais-Accueil.jpg\",\"width\":1895,\"height\":913,\"caption\":\"F\u00e9d\u00e9ration nationale du Bois\"},{\"@type\":\"BreadcrumbList\",\"@id\":\"https:\\\/\\\/batijournal.com\\\/index.php\\\/bois-francais-digitalise\\\/99561\\\/#breadcrumb\",\"itemListElement\":[{\"@type\":\"ListItem\",\"position\":1,\"name\":\"Accueil\",\"item\":\"https:\\\/\\\/batijournal.com\\\/\"},{\"@type\":\"ListItem\",\"position\":2,\"name\":\"Actualit\u00e9s\",\"item\":\"https:\\\/\\\/batijournal.com\\\/index.php\\\/category\\\/actualites\\\/\"},{\"@type\":\"ListItem\",\"position\":3,\"name\":\"F\u00e9d\u00e9ration nationale du Bois pour un Bois fran\u00e7ais digitalis\u00e9\"}]},{\"@type\":\"WebSite\",\"@id\":\"https:\\\/\\\/batijournal.com\\\/#website\",\"url\":\"https:\\\/\\\/batijournal.com\\\/\",\"name\":\"Batijournal\",\"description\":\"L&#039;actualit\u00e9 du b\u00e2timent\",\"potentialAction\":[{\"@type\":\"SearchAction\",\"target\":{\"@type\":\"EntryPoint\",\"urlTemplate\":\"https:\\\/\\\/batijournal.com\\\/?s={search_term_string}\"},\"query-input\":{\"@type\":\"PropertyValueSpecification\",\"valueRequired\":true,\"valueName\":\"search_term_string\"}}],\"inLanguage\":\"fr-FR\"},{\"@type\":\"Person\",\"@id\":\"https:\\\/\\\/batijournal.com\\\/#\\\/schema\\\/person\\\/1dc96ec6957aa1ccb25ebe78bb19f100\",\"name\":\"St\u00e9phane Miget\",\"image\":{\"@type\":\"ImageObject\",\"inLanguage\":\"fr-FR\",\"@id\":\"https:\\\/\\\/secure.gravatar.com\\\/avatar\\\/89915563d925342126b8ef0281b93d9d7fc337043e8df017f780908eb9644451?s=96&d=mm&r=g\",\"url\":\"https:\\\/\\\/secure.gravatar.com\\\/avatar\\\/89915563d925342126b8ef0281b93d9d7fc337043e8df017f780908eb9644451?s=96&d=mm&r=g\",\"contentUrl\":\"https:\\\/\\\/secure.gravatar.com\\\/avatar\\\/89915563d925342126b8ef0281b93d9d7fc337043e8df017f780908eb9644451?s=96&d=mm&r=g\",\"caption\":\"St\u00e9phane Miget\"},\"url\":\"https:\\\/\\\/batijournal.com\\\/index.php\\\/author\\\/stephane\\\/\"}]}<\/script>\n<!-- \/ Yoast SEO plugin. -->","yoast_head_json":{"title":"F\u00e9d\u00e9ration nationale du Bois pour un Bois fran\u00e7ais digitalis\u00e9","description":"La F\u00e9d\u00e9ration nationale du Bois vient de lancer un nouveau site internet regroupant de fa\u00e7on d\u00e9taill\u00e9e l'ensemble de l'offre produits bois fran\u00e7ais","robots":{"index":"index","follow":"follow","max-snippet":"max-snippet:-1","max-image-preview":"max-image-preview:large","max-video-preview":"max-video-preview:-1"},"canonical":"https:\/\/batijournal.com\/index.php\/bois-francais-digitalise\/99561\/","og_locale":"fr_FR","og_type":"article","og_title":"F\u00e9d\u00e9ration nationale du Bois pour un Bois fran\u00e7ais digitalis\u00e9","og_description":"La F\u00e9d\u00e9ration nationale du Bois vient de lancer un nouveau site internet regroupant de fa\u00e7on d\u00e9taill\u00e9e l'ensemble de l'offre produits bois fran\u00e7ais","og_url":"https:\/\/batijournal.com\/index.php\/bois-francais-digitalise\/99561\/","og_site_name":"Batijournal","article_published_time":"2018-06-29T11:00:33+00:00","article_modified_time":"2018-08-30T10:45:44+00:00","og_image":[{"width":1895,"height":913,"url":"https:\/\/batijournal.com\/wp-content\/uploads\/2018\/06\/BoisFrancais-Accueil.jpg","type":"image\/jpeg"}],"author":"St\u00e9phane Miget","twitter_card":"summary_large_image","twitter_creator":"@bati_journal","twitter_site":"@bati_journal","twitter_misc":{"\u00c9crit par":"St\u00e9phane Miget","Dur\u00e9e de lecture estim\u00e9e":"1 minute"},"schema":{"@context":"https:\/\/schema.org","@graph":[{"@type":"Article","@id":"https:\/\/batijournal.com\/index.php\/bois-francais-digitalise\/99561\/#article","isPartOf":{"@id":"https:\/\/batijournal.com\/index.php\/bois-francais-digitalise\/99561\/"},"author":{"name":"St\u00e9phane Miget","@id":"https:\/\/batijournal.com\/#\/schema\/person\/1dc96ec6957aa1ccb25ebe78bb19f100"},"headline":"F\u00e9d\u00e9ration nationale du Bois pour un Bois fran\u00e7ais digitalis\u00e9","datePublished":"2018-06-29T11:00:33+00:00","dateModified":"2018-08-30T10:45:44+00:00","mainEntityOfPage":{"@id":"https:\/\/batijournal.com\/index.php\/bois-francais-digitalise\/99561\/"},"wordCount":150,"image":{"@id":"https:\/\/batijournal.com\/index.php\/bois-francais-digitalise\/99561\/#primaryimage"},"thumbnailUrl":"https:\/\/batijournal.com\/wp-content\/uploads\/2018\/06\/BoisFrancais-Accueil.jpg","keywords":["bois fran\u00e7ais","F\u00e9d\u00e9ration nationale du bois"],"articleSection":["Actualit\u00e9s","zz_Woodsurfer"],"inLanguage":"fr-FR"},{"@type":"WebPage","@id":"https:\/\/batijournal.com\/index.php\/bois-francais-digitalise\/99561\/","url":"https:\/\/batijournal.com\/index.php\/bois-francais-digitalise\/99561\/","name":"F\u00e9d\u00e9ration nationale du Bois pour un Bois fran\u00e7ais digitalis\u00e9","isPartOf":{"@id":"https:\/\/batijournal.com\/#website"},"primaryImageOfPage":{"@id":"https:\/\/batijournal.com\/index.php\/bois-francais-digitalise\/99561\/#primaryimage"},"image":{"@id":"https:\/\/batijournal.com\/index.php\/bois-francais-digitalise\/99561\/#primaryimage"},"thumbnailUrl":"https:\/\/batijournal.com\/wp-content\/uploads\/2018\/06\/BoisFrancais-Accueil.jpg","datePublished":"2018-06-29T11:00:33+00:00","dateModified":"2018-08-30T10:45:44+00:00","author":{"@id":"https:\/\/batijournal.com\/#\/schema\/person\/1dc96ec6957aa1ccb25ebe78bb19f100"},"description":"La F\u00e9d\u00e9ration nationale du Bois vient de lancer un nouveau site internet regroupant de fa\u00e7on d\u00e9taill\u00e9e l'ensemble de l'offre produits bois fran\u00e7ais","breadcrumb":{"@id":"https:\/\/batijournal.com\/index.php\/bois-francais-digitalise\/99561\/#breadcrumb"},"inLanguage":"fr-FR","potentialAction":[{"@type":"ReadAction","target":["https:\/\/batijournal.com\/index.php\/bois-francais-digitalise\/99561\/"]}]},{"@type":"ImageObject","inLanguage":"fr-FR","@id":"https:\/\/batijournal.com\/index.php\/bois-francais-digitalise\/99561\/#primaryimage","url":"https:\/\/batijournal.com\/wp-content\/uploads\/2018\/06\/BoisFrancais-Accueil.jpg","contentUrl":"https:\/\/batijournal.com\/wp-content\/uploads\/2018\/06\/BoisFrancais-Accueil.jpg","width":1895,"height":913,"caption":"F\u00e9d\u00e9ration nationale du Bois"},{"@type":"BreadcrumbList","@id":"https:\/\/batijournal.com\/index.php\/bois-francais-digitalise\/99561\/#breadcrumb","itemListElement":[{"@type":"ListItem","position":1,"name":"Accueil","item":"https:\/\/batijournal.com\/"},{"@type":"ListItem","position":2,"name":"Actualit\u00e9s","item":"https:\/\/batijournal.com\/index.php\/category\/actualites\/"},{"@type":"ListItem","position":3,"name":"F\u00e9d\u00e9ration nationale du Bois pour un Bois fran\u00e7ais digitalis\u00e9"}]},{"@type":"WebSite","@id":"https:\/\/batijournal.com\/#website","url":"https:\/\/batijournal.com\/","name":"Batijournal","description":"L&#039;actualit\u00e9 du b\u00e2timent","potentialAction":[{"@type":"SearchAction","target":{"@type":"EntryPoint","urlTemplate":"https:\/\/batijournal.com\/?s={search_term_string}"},"query-input":{"@type":"PropertyValueSpecification","valueRequired":true,"valueName":"search_term_string"}}],"inLanguage":"fr-FR"},{"@type":"Person","@id":"https:\/\/batijournal.com\/#\/schema\/person\/1dc96ec6957aa1ccb25ebe78bb19f100","name":"St\u00e9phane Miget","image":{"@type":"ImageObject","inLanguage":"fr-FR","@id":"https:\/\/secure.gravatar.com\/avatar\/89915563d925342126b8ef0281b93d9d7fc337043e8df017f780908eb9644451?s=96&d=mm&r=g","url":"https:\/\/secure.gravatar.com\/avatar\/89915563d925342126b8ef0281b93d9d7fc337043e8df017f780908eb9644451?s=96&d=mm&r=g","contentUrl":"https:\/\/secure.gravatar.com\/avatar\/89915563d925342126b8ef0281b93d9d7fc337043e8df017f780908eb9644451?s=96&d=mm&r=g","caption":"St\u00e9phane Miget"},"url":"https:\/\/batijournal.com\/index.php\/author\/stephane\/"}]}},"_links":{"self":[{"href":"https:\/\/batijournal.com\/index.php\/wp-json\/wp\/v2\/posts\/99561","targetHints":{"allow":["GET"]}}],"collection":[{"href":"https:\/\/batijournal.com\/index.php\/wp-json\/wp\/v2\/posts"}],"about":[{"href":"https:\/\/batijournal.com\/index.php\/wp-json\/wp\/v2\/types\/post"}],"author":[{"embeddable":true,"href":"https:\/\/batijournal.com\/index.php\/wp-json\/wp\/v2\/users\/17"}],"replies":[{"embeddable":true,"href":"https:\/\/batijournal.com\/index.php\/wp-json\/wp\/v2\/comments?post=99561"}],"version-history":[{"count":0,"href":"https:\/\/batijournal.com\/index.php\/wp-json\/wp\/v2\/posts\/99561\/revisions"}],"wp:featuredmedia":[{"embeddable":true,"href":"https:\/\/batijournal.com\/index.php\/wp-json\/wp\/v2\/media\/99562"}],"wp:attachment":[{"href":"https:\/\/batijournal.com\/index.php\/wp-json\/wp\/v2\/media?parent=99561"}],"wp:term":[{"taxonomy":"category","embeddable":true,"href":"https:\/\/batijournal.com\/index.php\/wp-json\/wp\/v2\/categories?post=99561"},{"taxonomy":"post_tag","embeddable":true,"href":"https:\/\/batijournal.com\/index.php\/wp-json\/wp\/v2\/tags?post=99561"}],"curies":[{"name":"wp","href":"https:\/\/api.w.org\/{rel}","templated":true}]}}