{"id":99627,"date":"2018-07-05T05:50:13","date_gmt":"2018-07-05T03:50:13","guid":{"rendered":"https:\/\/batijournal.com\/?p=99627"},"modified":"2019-07-15T11:26:53","modified_gmt":"2019-07-15T09:26:53","slug":"ciment-photocatalytique-pour-les-facades-de-la-maison-de-la-coree","status":"publish","type":"post","link":"https:\/\/batijournal.com\/index.php\/ciment-photocatalytique-pour-les-facades-de-la-maison-de-la-coree\/99627\/","title":{"rendered":"La Maison de la Cor\u00e9e : des fa\u00e7ades en ciment photocatalytique"},"content":{"rendered":"<p>La Maison de la Cor\u00e9e est la premi\u00e8re maison de pays construite \u00e0 la Cit\u00e9 Internationale Universitaire de Paris depuis 1969.<\/p>\n<p>Tout juste livr\u00e9e, pr\u00eate \u00e0 accueillir ses premiers r\u00e9sidents \u00e0 la rentr\u00e9e prochaine, elle c\u00f4toie la verdure d\u2019un parc int\u00e9rieur et les boulevards p\u00e9riph\u00e9riques, une situation dont les contraintes ont su \u00eatre supports de cr\u00e9ativit\u00e9 pour l\u2019\u00e9quipe franco-cor\u00e9enne des cabinets d\u2019architectes Canale 3 et Ga.A Architects. Sa fa\u00e7ade a \u00e9t\u00e9 l\u2019objet de la mise en \u0153uvre du ciment i.active ULTRA de Ciments Calcia dont la technologie photocatalytique TX Active lui conf\u00e8re des propri\u00e9t\u00e9s d\u00e9polluantes.<\/p>\n<p>Au contact de la lumi\u00e8re du soleil, il d\u00e9compose les substances gazeuses (oxyde d\u2019azote, NOx) et les COV et contribue \u00e0 am\u00e9liorer la qualit\u00e9 de l\u2019air. D\u2019une grande souplesse d\u2019usage (s\u2019adaptant aux applications verticales comme horizontales, structurelles ou non structurelles, destin\u00e9 \u00e0 la r\u00e9alisation d\u2019\u00e9l\u00e9ments coul\u00e9s sur place ou pr\u00e9fabriqu\u00e9s), ce ciment a permis d&rsquo;\u00e9laborer les panneaux de fa\u00e7ade en b\u00e9ton architectonique con\u00e7us par le pr\u00e9fabricant Naullet.<\/p>\n<p>Didier Gazeau, Responsable du d\u00e9veloppement architectonique Naullet, indique : \u00ab La particularit\u00e9 des fa\u00e7ades de la Maison de la Cor\u00e9e est de combiner des panneaux porteurs de 18 cm d\u2019\u00e9paisseur, des panneaux d\u2019habillage de 10 cm, ainsi que quelques panneaux courbes. Au total, ce sont 2100 m2 de parements uniform\u00e9ment blancs et lisses que souhaitaient les architectes. Ils tenaient absolument \u00e0 une teinte tr\u00e8s claire et d\u2019une grande r\u00e9gularit\u00e9 colorim\u00e9trique. Un b\u00e9ton architectonique \u00e9labor\u00e9 avec i.active ULTRA de Ciments Calcia a su r\u00e9pondre \u00e0 leur demande. \u00bb<\/p>\n<p><em>Ma\u00eetre d\u2019ouvrage : Association de la Maison de la Cor\u00e9e<\/em><br \/>\n<em>Ma\u00eetre d\u2019\u0153uvre : Canale 3 Ga.A Architects ARTELIA ALHYANGE BMFORGUE ESPACE\u2008LIBRE<\/em><br \/>\n<em>Architectes : \u00c9quipe franco-cor\u00e9enne Canale 3 et Ga.A Architects<\/em><\/p>\n<p><em>Photo : Michael Tubiana<\/em><\/p>\n<p>&nbsp;<\/p>\n","protected":false},"excerpt":{"rendered":"<p>La Maison de la Cor\u00e9e est la premi\u00e8re maison de pays construite \u00e0 la Cit\u00e9 Internationale Universitaire de Paris depuis 1969. Tout juste livr\u00e9e, pr\u00eate \u00e0 accueillir ses premiers r\u00e9sidents \u00e0 la rentr\u00e9e prochaine, elle c\u00f4toie la verdure d\u2019un parc int\u00e9rieur et les boulevards p\u00e9riph\u00e9riques, une situation dont les contraintes ont su \u00eatre supports de [&hellip;]<\/p>\n","protected":false},"author":17,"featured_media":99628,"comment_status":"closed","ping_status":"closed","sticky":false,"template":"","format":"standard","meta":{"_et_pb_use_builder":"","_et_pb_old_content":"","_et_gb_content_width":"","footnotes":""},"categories":[10530,6340,10771,10775],"tags":[2391],"class_list":["post-99627","post","type-post","status-publish","format-standard","has-post-thumbnail","hentry","category-actualites","category-architecture-conception","category-5facades","category-actualites-5facades","tag-ciment"],"yoast_head":"<!-- This site is optimized with the Yoast SEO plugin v27.4 - https:\/\/yoast.com\/product\/yoast-seo-wordpress\/ -->\n<title>la Maison de la Cor\u00e9e : des fa\u00e7ades en ciment photocatalytique<\/title>\n<meta name=\"description\" content=\"La Maison de la Cor\u00e9e est la premi\u00e8re maison de pays construite \u00e0 la Cit\u00e9 Internationale Universitaire de Paris depuis 1969.\" \/>\n<meta name=\"robots\" content=\"index, follow, max-snippet:-1, max-image-preview:large, max-video-preview:-1\" \/>\n<link rel=\"canonical\" href=\"https:\/\/batijournal.com\/index.php\/ciment-photocatalytique-pour-les-facades-de-la-maison-de-la-coree\/99627\/\" \/>\n<meta property=\"og:locale\" content=\"fr_FR\" \/>\n<meta property=\"og:type\" content=\"article\" \/>\n<meta property=\"og:title\" content=\"la Maison de la Cor\u00e9e : des fa\u00e7ades en ciment photocatalytique\" \/>\n<meta property=\"og:description\" content=\"La Maison de la Cor\u00e9e est la premi\u00e8re maison de pays construite \u00e0 la Cit\u00e9 Internationale Universitaire de Paris depuis 1969.\" \/>\n<meta property=\"og:url\" content=\"https:\/\/batijournal.com\/index.php\/ciment-photocatalytique-pour-les-facades-de-la-maison-de-la-coree\/99627\/\" \/>\n<meta property=\"og:site_name\" content=\"Batijournal\" \/>\n<meta property=\"article:published_time\" content=\"2018-07-05T03:50:13+00:00\" \/>\n<meta property=\"article:modified_time\" content=\"2019-07-15T09:26:53+00:00\" \/>\n<meta property=\"og:image\" content=\"https:\/\/batijournal.com\/wp-content\/uploads\/2018\/07\/Maison-de-la-Coree_Calcia-Construction.jpg\" \/>\n\t<meta property=\"og:image:width\" content=\"1200\" \/>\n\t<meta property=\"og:image:height\" content=\"1084\" \/>\n\t<meta property=\"og:image:type\" content=\"image\/jpeg\" \/>\n<meta name=\"author\" content=\"St\u00e9phane Miget\" \/>\n<meta name=\"twitter:card\" content=\"summary_large_image\" \/>\n<meta name=\"twitter:creator\" content=\"@bati_journal\" \/>\n<meta name=\"twitter:site\" content=\"@bati_journal\" \/>\n<meta name=\"twitter:label1\" content=\"\u00c9crit par\" \/>\n\t<meta name=\"twitter:data1\" content=\"St\u00e9phane Miget\" \/>\n\t<meta name=\"twitter:label2\" content=\"Dur\u00e9e de lecture estim\u00e9e\" \/>\n\t<meta name=\"twitter:data2\" content=\"2 minutes\" \/>\n<script type=\"application\/ld+json\" class=\"yoast-schema-graph\">{\"@context\":\"https:\\\/\\\/schema.org\",\"@graph\":[{\"@type\":\"Article\",\"@id\":\"https:\\\/\\\/batijournal.com\\\/index.php\\\/ciment-photocatalytique-pour-les-facades-de-la-maison-de-la-coree\\\/99627\\\/#article\",\"isPartOf\":{\"@id\":\"https:\\\/\\\/batijournal.com\\\/index.php\\\/ciment-photocatalytique-pour-les-facades-de-la-maison-de-la-coree\\\/99627\\\/\"},\"author\":{\"name\":\"St\u00e9phane Miget\",\"@id\":\"https:\\\/\\\/batijournal.com\\\/#\\\/schema\\\/person\\\/1dc96ec6957aa1ccb25ebe78bb19f100\"},\"headline\":\"La Maison de la Cor\u00e9e : des fa\u00e7ades en ciment photocatalytique\",\"datePublished\":\"2018-07-05T03:50:13+00:00\",\"dateModified\":\"2019-07-15T09:26:53+00:00\",\"mainEntityOfPage\":{\"@id\":\"https:\\\/\\\/batijournal.com\\\/index.php\\\/ciment-photocatalytique-pour-les-facades-de-la-maison-de-la-coree\\\/99627\\\/\"},\"wordCount\":339,\"image\":{\"@id\":\"https:\\\/\\\/batijournal.com\\\/index.php\\\/ciment-photocatalytique-pour-les-facades-de-la-maison-de-la-coree\\\/99627\\\/#primaryimage\"},\"thumbnailUrl\":\"https:\\\/\\\/batijournal.com\\\/wp-content\\\/uploads\\\/2018\\\/07\\\/Maison-de-la-Coree_Calcia-Construction.jpg\",\"keywords\":[\"ciment\"],\"articleSection\":[\"Actualit\u00e9s\",\"Architecture &amp; Conception\",\"zz_5fa\u00e7ades\",\"zz_Actualit\u00e9s - 5fa\u00e7ades\"],\"inLanguage\":\"fr-FR\"},{\"@type\":\"WebPage\",\"@id\":\"https:\\\/\\\/batijournal.com\\\/index.php\\\/ciment-photocatalytique-pour-les-facades-de-la-maison-de-la-coree\\\/99627\\\/\",\"url\":\"https:\\\/\\\/batijournal.com\\\/index.php\\\/ciment-photocatalytique-pour-les-facades-de-la-maison-de-la-coree\\\/99627\\\/\",\"name\":\"la Maison de la Cor\u00e9e : des fa\u00e7ades en ciment photocatalytique\",\"isPartOf\":{\"@id\":\"https:\\\/\\\/batijournal.com\\\/#website\"},\"primaryImageOfPage\":{\"@id\":\"https:\\\/\\\/batijournal.com\\\/index.php\\\/ciment-photocatalytique-pour-les-facades-de-la-maison-de-la-coree\\\/99627\\\/#primaryimage\"},\"image\":{\"@id\":\"https:\\\/\\\/batijournal.com\\\/index.php\\\/ciment-photocatalytique-pour-les-facades-de-la-maison-de-la-coree\\\/99627\\\/#primaryimage\"},\"thumbnailUrl\":\"https:\\\/\\\/batijournal.com\\\/wp-content\\\/uploads\\\/2018\\\/07\\\/Maison-de-la-Coree_Calcia-Construction.jpg\",\"datePublished\":\"2018-07-05T03:50:13+00:00\",\"dateModified\":\"2019-07-15T09:26:53+00:00\",\"author\":{\"@id\":\"https:\\\/\\\/batijournal.com\\\/#\\\/schema\\\/person\\\/1dc96ec6957aa1ccb25ebe78bb19f100\"},\"description\":\"La Maison de la Cor\u00e9e est la premi\u00e8re maison de pays construite \u00e0 la Cit\u00e9 Internationale Universitaire de Paris depuis 1969.\",\"breadcrumb\":{\"@id\":\"https:\\\/\\\/batijournal.com\\\/index.php\\\/ciment-photocatalytique-pour-les-facades-de-la-maison-de-la-coree\\\/99627\\\/#breadcrumb\"},\"inLanguage\":\"fr-FR\",\"potentialAction\":[{\"@type\":\"ReadAction\",\"target\":[\"https:\\\/\\\/batijournal.com\\\/index.php\\\/ciment-photocatalytique-pour-les-facades-de-la-maison-de-la-coree\\\/99627\\\/\"]}]},{\"@type\":\"ImageObject\",\"inLanguage\":\"fr-FR\",\"@id\":\"https:\\\/\\\/batijournal.com\\\/index.php\\\/ciment-photocatalytique-pour-les-facades-de-la-maison-de-la-coree\\\/99627\\\/#primaryimage\",\"url\":\"https:\\\/\\\/batijournal.com\\\/wp-content\\\/uploads\\\/2018\\\/07\\\/Maison-de-la-Coree_Calcia-Construction.jpg\",\"contentUrl\":\"https:\\\/\\\/batijournal.com\\\/wp-content\\\/uploads\\\/2018\\\/07\\\/Maison-de-la-Coree_Calcia-Construction.jpg\",\"width\":1200,\"height\":1084},{\"@type\":\"BreadcrumbList\",\"@id\":\"https:\\\/\\\/batijournal.com\\\/index.php\\\/ciment-photocatalytique-pour-les-facades-de-la-maison-de-la-coree\\\/99627\\\/#breadcrumb\",\"itemListElement\":[{\"@type\":\"ListItem\",\"position\":1,\"name\":\"Accueil\",\"item\":\"https:\\\/\\\/batijournal.com\\\/\"},{\"@type\":\"ListItem\",\"position\":2,\"name\":\"Actualit\u00e9s\",\"item\":\"https:\\\/\\\/batijournal.com\\\/index.php\\\/category\\\/actualites\\\/\"},{\"@type\":\"ListItem\",\"position\":3,\"name\":\"La Maison de la Cor\u00e9e : des fa\u00e7ades en ciment photocatalytique\"}]},{\"@type\":\"WebSite\",\"@id\":\"https:\\\/\\\/batijournal.com\\\/#website\",\"url\":\"https:\\\/\\\/batijournal.com\\\/\",\"name\":\"Batijournal\",\"description\":\"L&#039;actualit\u00e9 du b\u00e2timent\",\"potentialAction\":[{\"@type\":\"SearchAction\",\"target\":{\"@type\":\"EntryPoint\",\"urlTemplate\":\"https:\\\/\\\/batijournal.com\\\/?s={search_term_string}\"},\"query-input\":{\"@type\":\"PropertyValueSpecification\",\"valueRequired\":true,\"valueName\":\"search_term_string\"}}],\"inLanguage\":\"fr-FR\"},{\"@type\":\"Person\",\"@id\":\"https:\\\/\\\/batijournal.com\\\/#\\\/schema\\\/person\\\/1dc96ec6957aa1ccb25ebe78bb19f100\",\"name\":\"St\u00e9phane Miget\",\"image\":{\"@type\":\"ImageObject\",\"inLanguage\":\"fr-FR\",\"@id\":\"https:\\\/\\\/secure.gravatar.com\\\/avatar\\\/89915563d925342126b8ef0281b93d9d7fc337043e8df017f780908eb9644451?s=96&d=mm&r=g\",\"url\":\"https:\\\/\\\/secure.gravatar.com\\\/avatar\\\/89915563d925342126b8ef0281b93d9d7fc337043e8df017f780908eb9644451?s=96&d=mm&r=g\",\"contentUrl\":\"https:\\\/\\\/secure.gravatar.com\\\/avatar\\\/89915563d925342126b8ef0281b93d9d7fc337043e8df017f780908eb9644451?s=96&d=mm&r=g\",\"caption\":\"St\u00e9phane Miget\"},\"url\":\"https:\\\/\\\/batijournal.com\\\/index.php\\\/author\\\/stephane\\\/\"}]}<\/script>\n<!-- \/ Yoast SEO plugin. -->","yoast_head_json":{"title":"la Maison de la Cor\u00e9e : des fa\u00e7ades en ciment photocatalytique","description":"La Maison de la Cor\u00e9e est la premi\u00e8re maison de pays construite \u00e0 la Cit\u00e9 Internationale Universitaire de Paris depuis 1969.","robots":{"index":"index","follow":"follow","max-snippet":"max-snippet:-1","max-image-preview":"max-image-preview:large","max-video-preview":"max-video-preview:-1"},"canonical":"https:\/\/batijournal.com\/index.php\/ciment-photocatalytique-pour-les-facades-de-la-maison-de-la-coree\/99627\/","og_locale":"fr_FR","og_type":"article","og_title":"la Maison de la Cor\u00e9e : des fa\u00e7ades en ciment photocatalytique","og_description":"La Maison de la Cor\u00e9e est la premi\u00e8re maison de pays construite \u00e0 la Cit\u00e9 Internationale Universitaire de Paris depuis 1969.","og_url":"https:\/\/batijournal.com\/index.php\/ciment-photocatalytique-pour-les-facades-de-la-maison-de-la-coree\/99627\/","og_site_name":"Batijournal","article_published_time":"2018-07-05T03:50:13+00:00","article_modified_time":"2019-07-15T09:26:53+00:00","og_image":[{"width":1200,"height":1084,"url":"https:\/\/batijournal.com\/wp-content\/uploads\/2018\/07\/Maison-de-la-Coree_Calcia-Construction.jpg","type":"image\/jpeg"}],"author":"St\u00e9phane Miget","twitter_card":"summary_large_image","twitter_creator":"@bati_journal","twitter_site":"@bati_journal","twitter_misc":{"\u00c9crit par":"St\u00e9phane Miget","Dur\u00e9e de lecture estim\u00e9e":"2 minutes"},"schema":{"@context":"https:\/\/schema.org","@graph":[{"@type":"Article","@id":"https:\/\/batijournal.com\/index.php\/ciment-photocatalytique-pour-les-facades-de-la-maison-de-la-coree\/99627\/#article","isPartOf":{"@id":"https:\/\/batijournal.com\/index.php\/ciment-photocatalytique-pour-les-facades-de-la-maison-de-la-coree\/99627\/"},"author":{"name":"St\u00e9phane Miget","@id":"https:\/\/batijournal.com\/#\/schema\/person\/1dc96ec6957aa1ccb25ebe78bb19f100"},"headline":"La Maison de la Cor\u00e9e : des fa\u00e7ades en ciment photocatalytique","datePublished":"2018-07-05T03:50:13+00:00","dateModified":"2019-07-15T09:26:53+00:00","mainEntityOfPage":{"@id":"https:\/\/batijournal.com\/index.php\/ciment-photocatalytique-pour-les-facades-de-la-maison-de-la-coree\/99627\/"},"wordCount":339,"image":{"@id":"https:\/\/batijournal.com\/index.php\/ciment-photocatalytique-pour-les-facades-de-la-maison-de-la-coree\/99627\/#primaryimage"},"thumbnailUrl":"https:\/\/batijournal.com\/wp-content\/uploads\/2018\/07\/Maison-de-la-Coree_Calcia-Construction.jpg","keywords":["ciment"],"articleSection":["Actualit\u00e9s","Architecture &amp; Conception","zz_5fa\u00e7ades","zz_Actualit\u00e9s - 5fa\u00e7ades"],"inLanguage":"fr-FR"},{"@type":"WebPage","@id":"https:\/\/batijournal.com\/index.php\/ciment-photocatalytique-pour-les-facades-de-la-maison-de-la-coree\/99627\/","url":"https:\/\/batijournal.com\/index.php\/ciment-photocatalytique-pour-les-facades-de-la-maison-de-la-coree\/99627\/","name":"la Maison de la Cor\u00e9e : des fa\u00e7ades en ciment photocatalytique","isPartOf":{"@id":"https:\/\/batijournal.com\/#website"},"primaryImageOfPage":{"@id":"https:\/\/batijournal.com\/index.php\/ciment-photocatalytique-pour-les-facades-de-la-maison-de-la-coree\/99627\/#primaryimage"},"image":{"@id":"https:\/\/batijournal.com\/index.php\/ciment-photocatalytique-pour-les-facades-de-la-maison-de-la-coree\/99627\/#primaryimage"},"thumbnailUrl":"https:\/\/batijournal.com\/wp-content\/uploads\/2018\/07\/Maison-de-la-Coree_Calcia-Construction.jpg","datePublished":"2018-07-05T03:50:13+00:00","dateModified":"2019-07-15T09:26:53+00:00","author":{"@id":"https:\/\/batijournal.com\/#\/schema\/person\/1dc96ec6957aa1ccb25ebe78bb19f100"},"description":"La Maison de la Cor\u00e9e est la premi\u00e8re maison de pays construite \u00e0 la Cit\u00e9 Internationale Universitaire de Paris depuis 1969.","breadcrumb":{"@id":"https:\/\/batijournal.com\/index.php\/ciment-photocatalytique-pour-les-facades-de-la-maison-de-la-coree\/99627\/#breadcrumb"},"inLanguage":"fr-FR","potentialAction":[{"@type":"ReadAction","target":["https:\/\/batijournal.com\/index.php\/ciment-photocatalytique-pour-les-facades-de-la-maison-de-la-coree\/99627\/"]}]},{"@type":"ImageObject","inLanguage":"fr-FR","@id":"https:\/\/batijournal.com\/index.php\/ciment-photocatalytique-pour-les-facades-de-la-maison-de-la-coree\/99627\/#primaryimage","url":"https:\/\/batijournal.com\/wp-content\/uploads\/2018\/07\/Maison-de-la-Coree_Calcia-Construction.jpg","contentUrl":"https:\/\/batijournal.com\/wp-content\/uploads\/2018\/07\/Maison-de-la-Coree_Calcia-Construction.jpg","width":1200,"height":1084},{"@type":"BreadcrumbList","@id":"https:\/\/batijournal.com\/index.php\/ciment-photocatalytique-pour-les-facades-de-la-maison-de-la-coree\/99627\/#breadcrumb","itemListElement":[{"@type":"ListItem","position":1,"name":"Accueil","item":"https:\/\/batijournal.com\/"},{"@type":"ListItem","position":2,"name":"Actualit\u00e9s","item":"https:\/\/batijournal.com\/index.php\/category\/actualites\/"},{"@type":"ListItem","position":3,"name":"La Maison de la Cor\u00e9e : des fa\u00e7ades en ciment photocatalytique"}]},{"@type":"WebSite","@id":"https:\/\/batijournal.com\/#website","url":"https:\/\/batijournal.com\/","name":"Batijournal","description":"L&#039;actualit\u00e9 du b\u00e2timent","potentialAction":[{"@type":"SearchAction","target":{"@type":"EntryPoint","urlTemplate":"https:\/\/batijournal.com\/?s={search_term_string}"},"query-input":{"@type":"PropertyValueSpecification","valueRequired":true,"valueName":"search_term_string"}}],"inLanguage":"fr-FR"},{"@type":"Person","@id":"https:\/\/batijournal.com\/#\/schema\/person\/1dc96ec6957aa1ccb25ebe78bb19f100","name":"St\u00e9phane Miget","image":{"@type":"ImageObject","inLanguage":"fr-FR","@id":"https:\/\/secure.gravatar.com\/avatar\/89915563d925342126b8ef0281b93d9d7fc337043e8df017f780908eb9644451?s=96&d=mm&r=g","url":"https:\/\/secure.gravatar.com\/avatar\/89915563d925342126b8ef0281b93d9d7fc337043e8df017f780908eb9644451?s=96&d=mm&r=g","contentUrl":"https:\/\/secure.gravatar.com\/avatar\/89915563d925342126b8ef0281b93d9d7fc337043e8df017f780908eb9644451?s=96&d=mm&r=g","caption":"St\u00e9phane Miget"},"url":"https:\/\/batijournal.com\/index.php\/author\/stephane\/"}]}},"_links":{"self":[{"href":"https:\/\/batijournal.com\/index.php\/wp-json\/wp\/v2\/posts\/99627","targetHints":{"allow":["GET"]}}],"collection":[{"href":"https:\/\/batijournal.com\/index.php\/wp-json\/wp\/v2\/posts"}],"about":[{"href":"https:\/\/batijournal.com\/index.php\/wp-json\/wp\/v2\/types\/post"}],"author":[{"embeddable":true,"href":"https:\/\/batijournal.com\/index.php\/wp-json\/wp\/v2\/users\/17"}],"replies":[{"embeddable":true,"href":"https:\/\/batijournal.com\/index.php\/wp-json\/wp\/v2\/comments?post=99627"}],"version-history":[{"count":0,"href":"https:\/\/batijournal.com\/index.php\/wp-json\/wp\/v2\/posts\/99627\/revisions"}],"wp:featuredmedia":[{"embeddable":true,"href":"https:\/\/batijournal.com\/index.php\/wp-json\/wp\/v2\/media\/99628"}],"wp:attachment":[{"href":"https:\/\/batijournal.com\/index.php\/wp-json\/wp\/v2\/media?parent=99627"}],"wp:term":[{"taxonomy":"category","embeddable":true,"href":"https:\/\/batijournal.com\/index.php\/wp-json\/wp\/v2\/categories?post=99627"},{"taxonomy":"post_tag","embeddable":true,"href":"https:\/\/batijournal.com\/index.php\/wp-json\/wp\/v2\/tags?post=99627"}],"curies":[{"name":"wp","href":"https:\/\/api.w.org\/{rel}","templated":true}]}}