{"id":99721,"date":"2018-07-12T10:18:46","date_gmt":"2018-07-12T08:18:46","guid":{"rendered":"https:\/\/batijournal.com\/?p=99721"},"modified":"2019-07-15T11:15:00","modified_gmt":"2019-07-15T09:15:00","slug":"30-sites-franciliens-labellises-patrimoine-dinteret-regional","status":"publish","type":"post","link":"https:\/\/batijournal.com\/index.php\/30-sites-franciliens-labellises-patrimoine-dinteret-regional\/99721\/","title":{"rendered":"30 sites franciliens labellis\u00e9s \u00ab\u00a0Patrimoine d&rsquo;int\u00e9r\u00eat r\u00e9gional\u00a0\u00bb"},"content":{"rendered":"<h4><strong>30 sites franciliens viennent d&rsquo;\u00eatre labellis\u00e9s \u00ab\u00a0Patrimoine d&rsquo;int\u00e9r\u00eat r\u00e9gional\u00a0\u00bb.<\/strong><\/h4>\n<p>En Octobre 2017, la R\u00e9gion \u00cele-de-France s&rsquo;est engag\u00e9e aux c\u00f4t\u00e9s de la Fondation du patrimoine pour la sauvegarde du patrimoine local.Suite \u00e0 cette annonce, le label \u00ab\u00a0Patrimoine d&rsquo;int\u00e9r\u00eat r\u00e9gional\u00a0\u00bb a \u00e9t\u00e9 cr\u00e9\u00e9.<\/p>\n<p>Le label a pour objectif de mettre en avant des \u00e9difices et des ensembles b\u00e2tis dont la valeur patrimoniale pr\u00e9sente un int\u00e9r\u00eat r\u00e9gional. Bien que non prot\u00e9g\u00e9s au tire de monuments historiques, il s&rsquo;agit de reconnaitre l&rsquo;importance de ces \u00e9difices dans le paysage patrimonial fran\u00e7ais.<\/p>\n<p>Cette labellisation permettra aux propri\u00e9taires d&rsquo;acc\u00e9der \u00e0 de nouveaux dispositifs r\u00e9gionaux :<\/p>\n<ul>\n<li>une <strong>aide en investissemen<\/strong>t pour la restauration du patrimoine labellis\u00e9. Ce financement est fix\u00e9 \u00e0 30% des d\u00e9penses \u00e9ligibles avec un maximum de 500 000\u20ac par tranche de travaux.<\/li>\n<li>une <strong>aide en fonctionnement<\/strong> pour sa valorisation. Cette derni\u00e8re est de 20% sur les d\u00e9penses \u00e9ligibles avec un maximum de 30 000\u20ac.<\/li>\n<\/ul>\n<p>Ainsi, ce nouveau label permettra de d\u00e9velopper l&rsquo;attractivit\u00e9 touristique de la r\u00e9gion et de r\u00e9v\u00e9ler un patrimoine m\u00e9connu repr\u00e9sentatif de la diversit\u00e9 des patrimoines franciliens.<\/p>\n<p><a href=\"https:\/\/batijournal.com\/wp-content\/uploads\/2018\/07\/presentation_sites_label_patrimoine_dinteret_regional.pdf\" target=\"_blank\" rel=\"noopener noreferrer\">Cliquez-ici<\/a> pour d\u00e9couvrir les 30 premiers \u00e9difices b\u00e9n\u00e9ficiaires du label \u00ab\u00a0Patrimoine d&rsquo;int\u00e9r\u00eat r\u00e9gional\u00a0\u00bb.<\/p>\n<p>\u00a9Photo :\u00a0R\u00e9gion \u00cele-de-France &#8211; la cit\u00e9-jardin de Suresnes (92)<\/p>\n","protected":false},"excerpt":{"rendered":"<p>30 sites franciliens viennent d&rsquo;\u00eatre labellis\u00e9s \u00ab\u00a0Patrimoine d&rsquo;int\u00e9r\u00eat r\u00e9gional\u00a0\u00bb. En Octobre 2017, la R\u00e9gion \u00cele-de-France s&rsquo;est engag\u00e9e aux c\u00f4t\u00e9s de la Fondation du patrimoine pour la sauvegarde du patrimoine local.Suite \u00e0 cette annonce, le label \u00ab\u00a0Patrimoine d&rsquo;int\u00e9r\u00eat r\u00e9gional\u00a0\u00bb a \u00e9t\u00e9 cr\u00e9\u00e9. Le label a pour objectif de mettre en avant des \u00e9difices et des ensembles [&hellip;]<\/p>\n","protected":false},"author":1,"featured_media":99722,"comment_status":"closed","ping_status":"closed","sticky":false,"template":"","format":"standard","meta":{"_et_pb_use_builder":"","_et_pb_old_content":"","_et_gb_content_width":"","footnotes":""},"categories":[10530,6340,10785],"tags":[5905,4378,11042,12408,12407],"class_list":["post-99721","post","type-post","status-publish","format-standard","has-post-thumbnail","hentry","category-actualites","category-architecture-conception","category-atrium","tag-fondation-du-patrimoine","tag-ile-de-france","tag-patrimoine","tag-patrimoine-dinteret-regional","tag-vie-du-patrimoine"],"yoast_head":"<!-- This site is optimized with the Yoast SEO plugin v27.4 - https:\/\/yoast.com\/product\/yoast-seo-wordpress\/ -->\n<title>30 sites franciliens labellis\u00e9s &quot;Patrimoine d&#039;int\u00e9r\u00eat r\u00e9gional&quot;<\/title>\n<meta name=\"description\" content=\"La R\u00e9gion \u00cele-de-France et la Fondation du patrimoine s&#039;engagent pour la sauvegarde du patrimoine local avec le label Patrimoine d&#039;int\u00e9r\u00eat r\u00e9gional\" \/>\n<meta name=\"robots\" content=\"index, follow, max-snippet:-1, max-image-preview:large, max-video-preview:-1\" \/>\n<link rel=\"canonical\" href=\"https:\/\/batijournal.com\/index.php\/30-sites-franciliens-labellises-patrimoine-dinteret-regional\/99721\/\" \/>\n<meta property=\"og:locale\" content=\"fr_FR\" \/>\n<meta property=\"og:type\" content=\"article\" \/>\n<meta property=\"og:title\" content=\"30 sites franciliens labellis\u00e9s &quot;Patrimoine d&#039;int\u00e9r\u00eat r\u00e9gional&quot;\" \/>\n<meta property=\"og:description\" content=\"La R\u00e9gion \u00cele-de-France et la Fondation du patrimoine s&#039;engagent pour la sauvegarde du patrimoine local avec le label Patrimoine d&#039;int\u00e9r\u00eat r\u00e9gional\" \/>\n<meta property=\"og:url\" content=\"https:\/\/batijournal.com\/index.php\/30-sites-franciliens-labellises-patrimoine-dinteret-regional\/99721\/\" \/>\n<meta property=\"og:site_name\" content=\"Batijournal\" \/>\n<meta property=\"article:published_time\" content=\"2018-07-12T08:18:46+00:00\" \/>\n<meta property=\"article:modified_time\" content=\"2019-07-15T09:15:00+00:00\" \/>\n<meta property=\"og:image\" content=\"https:\/\/batijournal.com\/wp-content\/uploads\/2018\/07\/cite-jardin-de-Suresnes.jpg\" \/>\n\t<meta property=\"og:image:width\" content=\"940\" \/>\n\t<meta property=\"og:image:height\" content=\"300\" \/>\n\t<meta property=\"og:image:type\" content=\"image\/jpeg\" \/>\n<meta name=\"author\" content=\"Bati-journal\" \/>\n<meta name=\"twitter:card\" content=\"summary_large_image\" \/>\n<meta name=\"twitter:creator\" content=\"@bati_journal\" \/>\n<meta name=\"twitter:site\" content=\"@bati_journal\" \/>\n<meta name=\"twitter:label1\" content=\"\u00c9crit par\" \/>\n\t<meta name=\"twitter:data1\" content=\"Bati-journal\" \/>\n\t<meta name=\"twitter:label2\" content=\"Dur\u00e9e de lecture estim\u00e9e\" \/>\n\t<meta name=\"twitter:data2\" content=\"1 minute\" \/>\n<script type=\"application\/ld+json\" class=\"yoast-schema-graph\">{\"@context\":\"https:\\\/\\\/schema.org\",\"@graph\":[{\"@type\":\"Article\",\"@id\":\"https:\\\/\\\/batijournal.com\\\/index.php\\\/30-sites-franciliens-labellises-patrimoine-dinteret-regional\\\/99721\\\/#article\",\"isPartOf\":{\"@id\":\"https:\\\/\\\/batijournal.com\\\/index.php\\\/30-sites-franciliens-labellises-patrimoine-dinteret-regional\\\/99721\\\/\"},\"author\":{\"name\":\"Bati-journal\",\"@id\":\"https:\\\/\\\/batijournal.com\\\/#\\\/schema\\\/person\\\/6a657e8967569e1b299972574848aa76\"},\"headline\":\"30 sites franciliens labellis\u00e9s \u00ab\u00a0Patrimoine d&rsquo;int\u00e9r\u00eat r\u00e9gional\u00a0\u00bb\",\"datePublished\":\"2018-07-12T08:18:46+00:00\",\"dateModified\":\"2019-07-15T09:15:00+00:00\",\"mainEntityOfPage\":{\"@id\":\"https:\\\/\\\/batijournal.com\\\/index.php\\\/30-sites-franciliens-labellises-patrimoine-dinteret-regional\\\/99721\\\/\"},\"wordCount\":242,\"image\":{\"@id\":\"https:\\\/\\\/batijournal.com\\\/index.php\\\/30-sites-franciliens-labellises-patrimoine-dinteret-regional\\\/99721\\\/#primaryimage\"},\"thumbnailUrl\":\"https:\\\/\\\/batijournal.com\\\/wp-content\\\/uploads\\\/2018\\\/07\\\/cite-jardin-de-Suresnes.jpg\",\"keywords\":[\"fondation du patrimoine\",\"Ile de France\",\"patrimoine\",\"patrimoine d'int\u00e9r\u00eat r\u00e9gional\",\"vie du patrimoine\"],\"articleSection\":[\"Actualit\u00e9s\",\"Architecture &amp; Conception\",\"zz_Atrium Patrimoine\"],\"inLanguage\":\"fr-FR\"},{\"@type\":\"WebPage\",\"@id\":\"https:\\\/\\\/batijournal.com\\\/index.php\\\/30-sites-franciliens-labellises-patrimoine-dinteret-regional\\\/99721\\\/\",\"url\":\"https:\\\/\\\/batijournal.com\\\/index.php\\\/30-sites-franciliens-labellises-patrimoine-dinteret-regional\\\/99721\\\/\",\"name\":\"30 sites franciliens labellis\u00e9s \\\"Patrimoine d'int\u00e9r\u00eat r\u00e9gional\\\"\",\"isPartOf\":{\"@id\":\"https:\\\/\\\/batijournal.com\\\/#website\"},\"primaryImageOfPage\":{\"@id\":\"https:\\\/\\\/batijournal.com\\\/index.php\\\/30-sites-franciliens-labellises-patrimoine-dinteret-regional\\\/99721\\\/#primaryimage\"},\"image\":{\"@id\":\"https:\\\/\\\/batijournal.com\\\/index.php\\\/30-sites-franciliens-labellises-patrimoine-dinteret-regional\\\/99721\\\/#primaryimage\"},\"thumbnailUrl\":\"https:\\\/\\\/batijournal.com\\\/wp-content\\\/uploads\\\/2018\\\/07\\\/cite-jardin-de-Suresnes.jpg\",\"datePublished\":\"2018-07-12T08:18:46+00:00\",\"dateModified\":\"2019-07-15T09:15:00+00:00\",\"author\":{\"@id\":\"https:\\\/\\\/batijournal.com\\\/#\\\/schema\\\/person\\\/6a657e8967569e1b299972574848aa76\"},\"description\":\"La R\u00e9gion \u00cele-de-France et la Fondation du patrimoine s'engagent pour la sauvegarde du patrimoine local avec le label Patrimoine d'int\u00e9r\u00eat r\u00e9gional\",\"breadcrumb\":{\"@id\":\"https:\\\/\\\/batijournal.com\\\/index.php\\\/30-sites-franciliens-labellises-patrimoine-dinteret-regional\\\/99721\\\/#breadcrumb\"},\"inLanguage\":\"fr-FR\",\"potentialAction\":[{\"@type\":\"ReadAction\",\"target\":[\"https:\\\/\\\/batijournal.com\\\/index.php\\\/30-sites-franciliens-labellises-patrimoine-dinteret-regional\\\/99721\\\/\"]}]},{\"@type\":\"ImageObject\",\"inLanguage\":\"fr-FR\",\"@id\":\"https:\\\/\\\/batijournal.com\\\/index.php\\\/30-sites-franciliens-labellises-patrimoine-dinteret-regional\\\/99721\\\/#primaryimage\",\"url\":\"https:\\\/\\\/batijournal.com\\\/wp-content\\\/uploads\\\/2018\\\/07\\\/cite-jardin-de-Suresnes.jpg\",\"contentUrl\":\"https:\\\/\\\/batijournal.com\\\/wp-content\\\/uploads\\\/2018\\\/07\\\/cite-jardin-de-Suresnes.jpg\",\"width\":940,\"height\":300,\"caption\":\"cite jardin de Suresnes\"},{\"@type\":\"BreadcrumbList\",\"@id\":\"https:\\\/\\\/batijournal.com\\\/index.php\\\/30-sites-franciliens-labellises-patrimoine-dinteret-regional\\\/99721\\\/#breadcrumb\",\"itemListElement\":[{\"@type\":\"ListItem\",\"position\":1,\"name\":\"Accueil\",\"item\":\"https:\\\/\\\/batijournal.com\\\/\"},{\"@type\":\"ListItem\",\"position\":2,\"name\":\"zz_Atrium Patrimoine\",\"item\":\"https:\\\/\\\/batijournal.com\\\/index.php\\\/category\\\/atrium\\\/\"},{\"@type\":\"ListItem\",\"position\":3,\"name\":\"30 sites franciliens labellis\u00e9s \u00ab\u00a0Patrimoine d&rsquo;int\u00e9r\u00eat r\u00e9gional\u00a0\u00bb\"}]},{\"@type\":\"WebSite\",\"@id\":\"https:\\\/\\\/batijournal.com\\\/#website\",\"url\":\"https:\\\/\\\/batijournal.com\\\/\",\"name\":\"Batijournal\",\"description\":\"L&#039;actualit\u00e9 du b\u00e2timent\",\"potentialAction\":[{\"@type\":\"SearchAction\",\"target\":{\"@type\":\"EntryPoint\",\"urlTemplate\":\"https:\\\/\\\/batijournal.com\\\/?s={search_term_string}\"},\"query-input\":{\"@type\":\"PropertyValueSpecification\",\"valueRequired\":true,\"valueName\":\"search_term_string\"}}],\"inLanguage\":\"fr-FR\"},{\"@type\":\"Person\",\"@id\":\"https:\\\/\\\/batijournal.com\\\/#\\\/schema\\\/person\\\/6a657e8967569e1b299972574848aa76\",\"name\":\"Bati-journal\",\"image\":{\"@type\":\"ImageObject\",\"inLanguage\":\"fr-FR\",\"@id\":\"https:\\\/\\\/secure.gravatar.com\\\/avatar\\\/a64364ea26392f9b4dd47e017ddaec74ff03aefc073b49e492e847201258f777?s=96&d=mm&r=g\",\"url\":\"https:\\\/\\\/secure.gravatar.com\\\/avatar\\\/a64364ea26392f9b4dd47e017ddaec74ff03aefc073b49e492e847201258f777?s=96&d=mm&r=g\",\"contentUrl\":\"https:\\\/\\\/secure.gravatar.com\\\/avatar\\\/a64364ea26392f9b4dd47e017ddaec74ff03aefc073b49e492e847201258f777?s=96&d=mm&r=g\",\"caption\":\"Bati-journal\"},\"url\":\"https:\\\/\\\/batijournal.com\\\/index.php\\\/author\\\/elodie\\\/\"}]}<\/script>\n<!-- \/ Yoast SEO plugin. -->","yoast_head_json":{"title":"30 sites franciliens labellis\u00e9s \"Patrimoine d'int\u00e9r\u00eat r\u00e9gional\"","description":"La R\u00e9gion \u00cele-de-France et la Fondation du patrimoine s'engagent pour la sauvegarde du patrimoine local avec le label Patrimoine d'int\u00e9r\u00eat r\u00e9gional","robots":{"index":"index","follow":"follow","max-snippet":"max-snippet:-1","max-image-preview":"max-image-preview:large","max-video-preview":"max-video-preview:-1"},"canonical":"https:\/\/batijournal.com\/index.php\/30-sites-franciliens-labellises-patrimoine-dinteret-regional\/99721\/","og_locale":"fr_FR","og_type":"article","og_title":"30 sites franciliens labellis\u00e9s \"Patrimoine d'int\u00e9r\u00eat r\u00e9gional\"","og_description":"La R\u00e9gion \u00cele-de-France et la Fondation du patrimoine s'engagent pour la sauvegarde du patrimoine local avec le label Patrimoine d'int\u00e9r\u00eat r\u00e9gional","og_url":"https:\/\/batijournal.com\/index.php\/30-sites-franciliens-labellises-patrimoine-dinteret-regional\/99721\/","og_site_name":"Batijournal","article_published_time":"2018-07-12T08:18:46+00:00","article_modified_time":"2019-07-15T09:15:00+00:00","og_image":[{"width":940,"height":300,"url":"https:\/\/batijournal.com\/wp-content\/uploads\/2018\/07\/cite-jardin-de-Suresnes.jpg","type":"image\/jpeg"}],"author":"Bati-journal","twitter_card":"summary_large_image","twitter_creator":"@bati_journal","twitter_site":"@bati_journal","twitter_misc":{"\u00c9crit par":"Bati-journal","Dur\u00e9e de lecture estim\u00e9e":"1 minute"},"schema":{"@context":"https:\/\/schema.org","@graph":[{"@type":"Article","@id":"https:\/\/batijournal.com\/index.php\/30-sites-franciliens-labellises-patrimoine-dinteret-regional\/99721\/#article","isPartOf":{"@id":"https:\/\/batijournal.com\/index.php\/30-sites-franciliens-labellises-patrimoine-dinteret-regional\/99721\/"},"author":{"name":"Bati-journal","@id":"https:\/\/batijournal.com\/#\/schema\/person\/6a657e8967569e1b299972574848aa76"},"headline":"30 sites franciliens labellis\u00e9s \u00ab\u00a0Patrimoine d&rsquo;int\u00e9r\u00eat r\u00e9gional\u00a0\u00bb","datePublished":"2018-07-12T08:18:46+00:00","dateModified":"2019-07-15T09:15:00+00:00","mainEntityOfPage":{"@id":"https:\/\/batijournal.com\/index.php\/30-sites-franciliens-labellises-patrimoine-dinteret-regional\/99721\/"},"wordCount":242,"image":{"@id":"https:\/\/batijournal.com\/index.php\/30-sites-franciliens-labellises-patrimoine-dinteret-regional\/99721\/#primaryimage"},"thumbnailUrl":"https:\/\/batijournal.com\/wp-content\/uploads\/2018\/07\/cite-jardin-de-Suresnes.jpg","keywords":["fondation du patrimoine","Ile de France","patrimoine","patrimoine d'int\u00e9r\u00eat r\u00e9gional","vie du patrimoine"],"articleSection":["Actualit\u00e9s","Architecture &amp; Conception","zz_Atrium Patrimoine"],"inLanguage":"fr-FR"},{"@type":"WebPage","@id":"https:\/\/batijournal.com\/index.php\/30-sites-franciliens-labellises-patrimoine-dinteret-regional\/99721\/","url":"https:\/\/batijournal.com\/index.php\/30-sites-franciliens-labellises-patrimoine-dinteret-regional\/99721\/","name":"30 sites franciliens labellis\u00e9s \"Patrimoine d'int\u00e9r\u00eat r\u00e9gional\"","isPartOf":{"@id":"https:\/\/batijournal.com\/#website"},"primaryImageOfPage":{"@id":"https:\/\/batijournal.com\/index.php\/30-sites-franciliens-labellises-patrimoine-dinteret-regional\/99721\/#primaryimage"},"image":{"@id":"https:\/\/batijournal.com\/index.php\/30-sites-franciliens-labellises-patrimoine-dinteret-regional\/99721\/#primaryimage"},"thumbnailUrl":"https:\/\/batijournal.com\/wp-content\/uploads\/2018\/07\/cite-jardin-de-Suresnes.jpg","datePublished":"2018-07-12T08:18:46+00:00","dateModified":"2019-07-15T09:15:00+00:00","author":{"@id":"https:\/\/batijournal.com\/#\/schema\/person\/6a657e8967569e1b299972574848aa76"},"description":"La R\u00e9gion \u00cele-de-France et la Fondation du patrimoine s'engagent pour la sauvegarde du patrimoine local avec le label Patrimoine d'int\u00e9r\u00eat r\u00e9gional","breadcrumb":{"@id":"https:\/\/batijournal.com\/index.php\/30-sites-franciliens-labellises-patrimoine-dinteret-regional\/99721\/#breadcrumb"},"inLanguage":"fr-FR","potentialAction":[{"@type":"ReadAction","target":["https:\/\/batijournal.com\/index.php\/30-sites-franciliens-labellises-patrimoine-dinteret-regional\/99721\/"]}]},{"@type":"ImageObject","inLanguage":"fr-FR","@id":"https:\/\/batijournal.com\/index.php\/30-sites-franciliens-labellises-patrimoine-dinteret-regional\/99721\/#primaryimage","url":"https:\/\/batijournal.com\/wp-content\/uploads\/2018\/07\/cite-jardin-de-Suresnes.jpg","contentUrl":"https:\/\/batijournal.com\/wp-content\/uploads\/2018\/07\/cite-jardin-de-Suresnes.jpg","width":940,"height":300,"caption":"cite jardin de Suresnes"},{"@type":"BreadcrumbList","@id":"https:\/\/batijournal.com\/index.php\/30-sites-franciliens-labellises-patrimoine-dinteret-regional\/99721\/#breadcrumb","itemListElement":[{"@type":"ListItem","position":1,"name":"Accueil","item":"https:\/\/batijournal.com\/"},{"@type":"ListItem","position":2,"name":"zz_Atrium Patrimoine","item":"https:\/\/batijournal.com\/index.php\/category\/atrium\/"},{"@type":"ListItem","position":3,"name":"30 sites franciliens labellis\u00e9s \u00ab\u00a0Patrimoine d&rsquo;int\u00e9r\u00eat r\u00e9gional\u00a0\u00bb"}]},{"@type":"WebSite","@id":"https:\/\/batijournal.com\/#website","url":"https:\/\/batijournal.com\/","name":"Batijournal","description":"L&#039;actualit\u00e9 du b\u00e2timent","potentialAction":[{"@type":"SearchAction","target":{"@type":"EntryPoint","urlTemplate":"https:\/\/batijournal.com\/?s={search_term_string}"},"query-input":{"@type":"PropertyValueSpecification","valueRequired":true,"valueName":"search_term_string"}}],"inLanguage":"fr-FR"},{"@type":"Person","@id":"https:\/\/batijournal.com\/#\/schema\/person\/6a657e8967569e1b299972574848aa76","name":"Bati-journal","image":{"@type":"ImageObject","inLanguage":"fr-FR","@id":"https:\/\/secure.gravatar.com\/avatar\/a64364ea26392f9b4dd47e017ddaec74ff03aefc073b49e492e847201258f777?s=96&d=mm&r=g","url":"https:\/\/secure.gravatar.com\/avatar\/a64364ea26392f9b4dd47e017ddaec74ff03aefc073b49e492e847201258f777?s=96&d=mm&r=g","contentUrl":"https:\/\/secure.gravatar.com\/avatar\/a64364ea26392f9b4dd47e017ddaec74ff03aefc073b49e492e847201258f777?s=96&d=mm&r=g","caption":"Bati-journal"},"url":"https:\/\/batijournal.com\/index.php\/author\/elodie\/"}]}},"_links":{"self":[{"href":"https:\/\/batijournal.com\/index.php\/wp-json\/wp\/v2\/posts\/99721","targetHints":{"allow":["GET"]}}],"collection":[{"href":"https:\/\/batijournal.com\/index.php\/wp-json\/wp\/v2\/posts"}],"about":[{"href":"https:\/\/batijournal.com\/index.php\/wp-json\/wp\/v2\/types\/post"}],"author":[{"embeddable":true,"href":"https:\/\/batijournal.com\/index.php\/wp-json\/wp\/v2\/users\/1"}],"replies":[{"embeddable":true,"href":"https:\/\/batijournal.com\/index.php\/wp-json\/wp\/v2\/comments?post=99721"}],"version-history":[{"count":0,"href":"https:\/\/batijournal.com\/index.php\/wp-json\/wp\/v2\/posts\/99721\/revisions"}],"wp:featuredmedia":[{"embeddable":true,"href":"https:\/\/batijournal.com\/index.php\/wp-json\/wp\/v2\/media\/99722"}],"wp:attachment":[{"href":"https:\/\/batijournal.com\/index.php\/wp-json\/wp\/v2\/media?parent=99721"}],"wp:term":[{"taxonomy":"category","embeddable":true,"href":"https:\/\/batijournal.com\/index.php\/wp-json\/wp\/v2\/categories?post=99721"},{"taxonomy":"post_tag","embeddable":true,"href":"https:\/\/batijournal.com\/index.php\/wp-json\/wp\/v2\/tags?post=99721"}],"curies":[{"name":"wp","href":"https:\/\/api.w.org\/{rel}","templated":true}]}}