{"id":99740,"date":"2018-07-16T05:38:39","date_gmt":"2018-07-16T03:38:39","guid":{"rendered":"https:\/\/batijournal.com\/?p=99740"},"modified":"2019-07-15T12:03:43","modified_gmt":"2019-07-15T10:03:43","slug":"le-deploiement-de-la-fibre-optique-necessitera-22-000-emplois-dici-2021","status":"publish","type":"post","link":"https:\/\/batijournal.com\/index.php\/le-deploiement-de-la-fibre-optique-necessitera-22-000-emplois-dici-2021\/99740\/","title":{"rendered":"Le d\u00e9ploiement de la fibre optique n\u00e9cessitera 22 000 emplois d\u2019ici 2021"},"content":{"rendered":"<p><strong>La fibre optique : 22 000 emplois d&rsquo;ici 2021<\/strong><\/p>\n<p>Dans le cadre de l\u2019Engagement pour le D\u00e9veloppement de l\u2019Emploi et des Comp\u00e9tences (EDEC) sign\u00e9 en 2017, le Minist\u00e8re du Travail, Objectif fibre, ainsi que les branches (FFB, FNTP, UIMM, UNETEL-RST), les f\u00e9d\u00e9rations professionnelles (FFIE, FFT\u00e9l\u00e9coms, FIEEC, InfraNum, SERCE) et OPCA (Constructys, OPCAIM et OPCALIA) concern\u00e9s, en partenariat avec l\u2019Agence du Num\u00e9rique, ont publi\u00e9 un livret portant sur les besoins en termes d\u2019emploi, de comp\u00e9tences et de formations li\u00e9s au d\u00e9ploiement de la fibre optique. Les m\u00e9tiers de la fibre optique sont une v\u00e9ritable opportunit\u00e9 pour l\u2019emploi, avec 22 000 personnes \u00e0 mobiliser d\u2019ici 2021, soit en moyenne 3 800 nouveaux entrants chaque ann\u00e9e. Cet ouvrage permet de dresser un \u00e9tat des lieux des enjeux du d\u00e9ploiement de la fibre optique et de la situation actuelle en mati\u00e8re d\u2019emplois, de comp\u00e9tences et de formation, mais \u00e9galement de r\u00e9aliser des projections sur les emplois et formations n\u00e9cessaires. Plusieurs pr\u00e9conisations sont \u00e9mises en mati\u00e8re de soutien aux PME et TPE et d\u2019adaptation de l\u2019offre de formation pour r\u00e9pondre aux besoins.<\/p>\n<p><a href=\"https:\/\/www.serce.fr\/fichiers\/20180711153900_Brochure_EDEC_juillet_2018_finale.pdf\" target=\"_blank\" rel=\"noopener noreferrer\">https:\/\/www.serce.fr\/fichiers\/20180711153900_Brochure_EDEC_juillet_2018_finale.pdf<\/a><\/p>\n<p>&nbsp;<\/p>\n","protected":false},"excerpt":{"rendered":"<p>La fibre optique : 22 000 emplois d&rsquo;ici 2021 Dans le cadre de l\u2019Engagement pour le D\u00e9veloppement de l\u2019Emploi et des Comp\u00e9tences (EDEC) sign\u00e9 en 2017, le Minist\u00e8re du Travail, Objectif fibre, ainsi que les branches (FFB, FNTP, UIMM, UNETEL-RST), les f\u00e9d\u00e9rations professionnelles (FFIE, FFT\u00e9l\u00e9coms, FIEEC, InfraNum, SERCE) et OPCA (Constructys, OPCAIM et OPCALIA) concern\u00e9s, [&hellip;]<\/p>\n","protected":false},"author":17,"featured_media":99741,"comment_status":"closed","ping_status":"closed","sticky":false,"template":"","format":"standard","meta":{"_et_pb_use_builder":"","_et_pb_old_content":"","_et_gb_content_width":"","footnotes":""},"categories":[10530,6345],"tags":[580,12410],"class_list":["post-99740","post","type-post","status-publish","format-standard","has-post-thumbnail","hentry","category-actualites","category-economie-marches","tag-emploi","tag-fibre-optique"],"yoast_head":"<!-- This site is optimized with the Yoast SEO plugin v27.4 - https:\/\/yoast.com\/product\/yoast-seo-wordpress\/ -->\n<title>Le d\u00e9ploiement de la fibre optique n\u00e9cessitera 22 000 emplois d\u2019ici 2021<\/title>\n<meta name=\"description\" content=\"Dans le cadre de l&#039;EDEC sign\u00e9 en 2017, le d\u00e9ploiement de la fibre optique n\u00e9cessitera 22 000 emplois d\u2019ici 2021. Une v\u00e9ritable opportunit\u00e9 pour l&#039;emploi\" \/>\n<meta name=\"robots\" content=\"index, follow, max-snippet:-1, max-image-preview:large, max-video-preview:-1\" \/>\n<link rel=\"canonical\" href=\"https:\/\/batijournal.com\/index.php\/le-deploiement-de-la-fibre-optique-necessitera-22-000-emplois-dici-2021\/99740\/\" \/>\n<meta property=\"og:locale\" content=\"fr_FR\" \/>\n<meta property=\"og:type\" content=\"article\" \/>\n<meta property=\"og:title\" content=\"Le d\u00e9ploiement de la fibre optique n\u00e9cessitera 22 000 emplois d\u2019ici 2021\" \/>\n<meta property=\"og:description\" content=\"Dans le cadre de l&#039;EDEC sign\u00e9 en 2017, le d\u00e9ploiement de la fibre optique n\u00e9cessitera 22 000 emplois d\u2019ici 2021. Une v\u00e9ritable opportunit\u00e9 pour l&#039;emploi\" \/>\n<meta property=\"og:url\" content=\"https:\/\/batijournal.com\/index.php\/le-deploiement-de-la-fibre-optique-necessitera-22-000-emplois-dici-2021\/99740\/\" \/>\n<meta property=\"og:site_name\" content=\"Batijournal\" \/>\n<meta property=\"article:published_time\" content=\"2018-07-16T03:38:39+00:00\" \/>\n<meta property=\"article:modified_time\" content=\"2019-07-15T10:03:43+00:00\" \/>\n<meta property=\"og:image\" content=\"https:\/\/batijournal.com\/wp-content\/uploads\/2018\/07\/emplois-fibre-optique-serce.jpg\" \/>\n\t<meta property=\"og:image:width\" content=\"1082\" \/>\n\t<meta property=\"og:image:height\" content=\"671\" \/>\n\t<meta property=\"og:image:type\" content=\"image\/jpeg\" \/>\n<meta name=\"author\" content=\"St\u00e9phane Miget\" \/>\n<meta name=\"twitter:card\" content=\"summary_large_image\" \/>\n<meta name=\"twitter:creator\" content=\"@bati_journal\" \/>\n<meta name=\"twitter:site\" content=\"@bati_journal\" \/>\n<meta name=\"twitter:label1\" content=\"\u00c9crit par\" \/>\n\t<meta name=\"twitter:data1\" content=\"St\u00e9phane Miget\" \/>\n\t<meta name=\"twitter:label2\" content=\"Dur\u00e9e de lecture estim\u00e9e\" \/>\n\t<meta name=\"twitter:data2\" content=\"1 minute\" \/>\n<script type=\"application\/ld+json\" class=\"yoast-schema-graph\">{\"@context\":\"https:\\\/\\\/schema.org\",\"@graph\":[{\"@type\":\"Article\",\"@id\":\"https:\\\/\\\/batijournal.com\\\/index.php\\\/le-deploiement-de-la-fibre-optique-necessitera-22-000-emplois-dici-2021\\\/99740\\\/#article\",\"isPartOf\":{\"@id\":\"https:\\\/\\\/batijournal.com\\\/index.php\\\/le-deploiement-de-la-fibre-optique-necessitera-22-000-emplois-dici-2021\\\/99740\\\/\"},\"author\":{\"name\":\"St\u00e9phane Miget\",\"@id\":\"https:\\\/\\\/batijournal.com\\\/#\\\/schema\\\/person\\\/1dc96ec6957aa1ccb25ebe78bb19f100\"},\"headline\":\"Le d\u00e9ploiement de la fibre optique n\u00e9cessitera 22 000 emplois d\u2019ici 2021\",\"datePublished\":\"2018-07-16T03:38:39+00:00\",\"dateModified\":\"2019-07-15T10:03:43+00:00\",\"mainEntityOfPage\":{\"@id\":\"https:\\\/\\\/batijournal.com\\\/index.php\\\/le-deploiement-de-la-fibre-optique-necessitera-22-000-emplois-dici-2021\\\/99740\\\/\"},\"wordCount\":222,\"image\":{\"@id\":\"https:\\\/\\\/batijournal.com\\\/index.php\\\/le-deploiement-de-la-fibre-optique-necessitera-22-000-emplois-dici-2021\\\/99740\\\/#primaryimage\"},\"thumbnailUrl\":\"https:\\\/\\\/batijournal.com\\\/wp-content\\\/uploads\\\/2018\\\/07\\\/emplois-fibre-optique-serce.jpg\",\"keywords\":[\"emploi\",\"fibre optique\"],\"articleSection\":[\"Actualit\u00e9s\",\"\u00c9conomie &amp; March\u00e9s\"],\"inLanguage\":\"fr-FR\"},{\"@type\":\"WebPage\",\"@id\":\"https:\\\/\\\/batijournal.com\\\/index.php\\\/le-deploiement-de-la-fibre-optique-necessitera-22-000-emplois-dici-2021\\\/99740\\\/\",\"url\":\"https:\\\/\\\/batijournal.com\\\/index.php\\\/le-deploiement-de-la-fibre-optique-necessitera-22-000-emplois-dici-2021\\\/99740\\\/\",\"name\":\"Le d\u00e9ploiement de la fibre optique n\u00e9cessitera 22 000 emplois d\u2019ici 2021\",\"isPartOf\":{\"@id\":\"https:\\\/\\\/batijournal.com\\\/#website\"},\"primaryImageOfPage\":{\"@id\":\"https:\\\/\\\/batijournal.com\\\/index.php\\\/le-deploiement-de-la-fibre-optique-necessitera-22-000-emplois-dici-2021\\\/99740\\\/#primaryimage\"},\"image\":{\"@id\":\"https:\\\/\\\/batijournal.com\\\/index.php\\\/le-deploiement-de-la-fibre-optique-necessitera-22-000-emplois-dici-2021\\\/99740\\\/#primaryimage\"},\"thumbnailUrl\":\"https:\\\/\\\/batijournal.com\\\/wp-content\\\/uploads\\\/2018\\\/07\\\/emplois-fibre-optique-serce.jpg\",\"datePublished\":\"2018-07-16T03:38:39+00:00\",\"dateModified\":\"2019-07-15T10:03:43+00:00\",\"author\":{\"@id\":\"https:\\\/\\\/batijournal.com\\\/#\\\/schema\\\/person\\\/1dc96ec6957aa1ccb25ebe78bb19f100\"},\"description\":\"Dans le cadre de l'EDEC sign\u00e9 en 2017, le d\u00e9ploiement de la fibre optique n\u00e9cessitera 22 000 emplois d\u2019ici 2021. Une v\u00e9ritable opportunit\u00e9 pour l'emploi\",\"breadcrumb\":{\"@id\":\"https:\\\/\\\/batijournal.com\\\/index.php\\\/le-deploiement-de-la-fibre-optique-necessitera-22-000-emplois-dici-2021\\\/99740\\\/#breadcrumb\"},\"inLanguage\":\"fr-FR\",\"potentialAction\":[{\"@type\":\"ReadAction\",\"target\":[\"https:\\\/\\\/batijournal.com\\\/index.php\\\/le-deploiement-de-la-fibre-optique-necessitera-22-000-emplois-dici-2021\\\/99740\\\/\"]}]},{\"@type\":\"ImageObject\",\"inLanguage\":\"fr-FR\",\"@id\":\"https:\\\/\\\/batijournal.com\\\/index.php\\\/le-deploiement-de-la-fibre-optique-necessitera-22-000-emplois-dici-2021\\\/99740\\\/#primaryimage\",\"url\":\"https:\\\/\\\/batijournal.com\\\/wp-content\\\/uploads\\\/2018\\\/07\\\/emplois-fibre-optique-serce.jpg\",\"contentUrl\":\"https:\\\/\\\/batijournal.com\\\/wp-content\\\/uploads\\\/2018\\\/07\\\/emplois-fibre-optique-serce.jpg\",\"width\":1082,\"height\":671,\"caption\":\"emplois fibre optique\"},{\"@type\":\"BreadcrumbList\",\"@id\":\"https:\\\/\\\/batijournal.com\\\/index.php\\\/le-deploiement-de-la-fibre-optique-necessitera-22-000-emplois-dici-2021\\\/99740\\\/#breadcrumb\",\"itemListElement\":[{\"@type\":\"ListItem\",\"position\":1,\"name\":\"Accueil\",\"item\":\"https:\\\/\\\/batijournal.com\\\/\"},{\"@type\":\"ListItem\",\"position\":2,\"name\":\"Actualit\u00e9s\",\"item\":\"https:\\\/\\\/batijournal.com\\\/index.php\\\/category\\\/actualites\\\/\"},{\"@type\":\"ListItem\",\"position\":3,\"name\":\"Le d\u00e9ploiement de la fibre optique n\u00e9cessitera 22 000 emplois d\u2019ici 2021\"}]},{\"@type\":\"WebSite\",\"@id\":\"https:\\\/\\\/batijournal.com\\\/#website\",\"url\":\"https:\\\/\\\/batijournal.com\\\/\",\"name\":\"Batijournal\",\"description\":\"L&#039;actualit\u00e9 du b\u00e2timent\",\"potentialAction\":[{\"@type\":\"SearchAction\",\"target\":{\"@type\":\"EntryPoint\",\"urlTemplate\":\"https:\\\/\\\/batijournal.com\\\/?s={search_term_string}\"},\"query-input\":{\"@type\":\"PropertyValueSpecification\",\"valueRequired\":true,\"valueName\":\"search_term_string\"}}],\"inLanguage\":\"fr-FR\"},{\"@type\":\"Person\",\"@id\":\"https:\\\/\\\/batijournal.com\\\/#\\\/schema\\\/person\\\/1dc96ec6957aa1ccb25ebe78bb19f100\",\"name\":\"St\u00e9phane Miget\",\"image\":{\"@type\":\"ImageObject\",\"inLanguage\":\"fr-FR\",\"@id\":\"https:\\\/\\\/secure.gravatar.com\\\/avatar\\\/89915563d925342126b8ef0281b93d9d7fc337043e8df017f780908eb9644451?s=96&d=mm&r=g\",\"url\":\"https:\\\/\\\/secure.gravatar.com\\\/avatar\\\/89915563d925342126b8ef0281b93d9d7fc337043e8df017f780908eb9644451?s=96&d=mm&r=g\",\"contentUrl\":\"https:\\\/\\\/secure.gravatar.com\\\/avatar\\\/89915563d925342126b8ef0281b93d9d7fc337043e8df017f780908eb9644451?s=96&d=mm&r=g\",\"caption\":\"St\u00e9phane Miget\"},\"url\":\"https:\\\/\\\/batijournal.com\\\/index.php\\\/author\\\/stephane\\\/\"}]}<\/script>\n<!-- \/ Yoast SEO plugin. -->","yoast_head_json":{"title":"Le d\u00e9ploiement de la fibre optique n\u00e9cessitera 22 000 emplois d\u2019ici 2021","description":"Dans le cadre de l'EDEC sign\u00e9 en 2017, le d\u00e9ploiement de la fibre optique n\u00e9cessitera 22 000 emplois d\u2019ici 2021. Une v\u00e9ritable opportunit\u00e9 pour l'emploi","robots":{"index":"index","follow":"follow","max-snippet":"max-snippet:-1","max-image-preview":"max-image-preview:large","max-video-preview":"max-video-preview:-1"},"canonical":"https:\/\/batijournal.com\/index.php\/le-deploiement-de-la-fibre-optique-necessitera-22-000-emplois-dici-2021\/99740\/","og_locale":"fr_FR","og_type":"article","og_title":"Le d\u00e9ploiement de la fibre optique n\u00e9cessitera 22 000 emplois d\u2019ici 2021","og_description":"Dans le cadre de l'EDEC sign\u00e9 en 2017, le d\u00e9ploiement de la fibre optique n\u00e9cessitera 22 000 emplois d\u2019ici 2021. Une v\u00e9ritable opportunit\u00e9 pour l'emploi","og_url":"https:\/\/batijournal.com\/index.php\/le-deploiement-de-la-fibre-optique-necessitera-22-000-emplois-dici-2021\/99740\/","og_site_name":"Batijournal","article_published_time":"2018-07-16T03:38:39+00:00","article_modified_time":"2019-07-15T10:03:43+00:00","og_image":[{"width":1082,"height":671,"url":"https:\/\/batijournal.com\/wp-content\/uploads\/2018\/07\/emplois-fibre-optique-serce.jpg","type":"image\/jpeg"}],"author":"St\u00e9phane Miget","twitter_card":"summary_large_image","twitter_creator":"@bati_journal","twitter_site":"@bati_journal","twitter_misc":{"\u00c9crit par":"St\u00e9phane Miget","Dur\u00e9e de lecture estim\u00e9e":"1 minute"},"schema":{"@context":"https:\/\/schema.org","@graph":[{"@type":"Article","@id":"https:\/\/batijournal.com\/index.php\/le-deploiement-de-la-fibre-optique-necessitera-22-000-emplois-dici-2021\/99740\/#article","isPartOf":{"@id":"https:\/\/batijournal.com\/index.php\/le-deploiement-de-la-fibre-optique-necessitera-22-000-emplois-dici-2021\/99740\/"},"author":{"name":"St\u00e9phane Miget","@id":"https:\/\/batijournal.com\/#\/schema\/person\/1dc96ec6957aa1ccb25ebe78bb19f100"},"headline":"Le d\u00e9ploiement de la fibre optique n\u00e9cessitera 22 000 emplois d\u2019ici 2021","datePublished":"2018-07-16T03:38:39+00:00","dateModified":"2019-07-15T10:03:43+00:00","mainEntityOfPage":{"@id":"https:\/\/batijournal.com\/index.php\/le-deploiement-de-la-fibre-optique-necessitera-22-000-emplois-dici-2021\/99740\/"},"wordCount":222,"image":{"@id":"https:\/\/batijournal.com\/index.php\/le-deploiement-de-la-fibre-optique-necessitera-22-000-emplois-dici-2021\/99740\/#primaryimage"},"thumbnailUrl":"https:\/\/batijournal.com\/wp-content\/uploads\/2018\/07\/emplois-fibre-optique-serce.jpg","keywords":["emploi","fibre optique"],"articleSection":["Actualit\u00e9s","\u00c9conomie &amp; March\u00e9s"],"inLanguage":"fr-FR"},{"@type":"WebPage","@id":"https:\/\/batijournal.com\/index.php\/le-deploiement-de-la-fibre-optique-necessitera-22-000-emplois-dici-2021\/99740\/","url":"https:\/\/batijournal.com\/index.php\/le-deploiement-de-la-fibre-optique-necessitera-22-000-emplois-dici-2021\/99740\/","name":"Le d\u00e9ploiement de la fibre optique n\u00e9cessitera 22 000 emplois d\u2019ici 2021","isPartOf":{"@id":"https:\/\/batijournal.com\/#website"},"primaryImageOfPage":{"@id":"https:\/\/batijournal.com\/index.php\/le-deploiement-de-la-fibre-optique-necessitera-22-000-emplois-dici-2021\/99740\/#primaryimage"},"image":{"@id":"https:\/\/batijournal.com\/index.php\/le-deploiement-de-la-fibre-optique-necessitera-22-000-emplois-dici-2021\/99740\/#primaryimage"},"thumbnailUrl":"https:\/\/batijournal.com\/wp-content\/uploads\/2018\/07\/emplois-fibre-optique-serce.jpg","datePublished":"2018-07-16T03:38:39+00:00","dateModified":"2019-07-15T10:03:43+00:00","author":{"@id":"https:\/\/batijournal.com\/#\/schema\/person\/1dc96ec6957aa1ccb25ebe78bb19f100"},"description":"Dans le cadre de l'EDEC sign\u00e9 en 2017, le d\u00e9ploiement de la fibre optique n\u00e9cessitera 22 000 emplois d\u2019ici 2021. Une v\u00e9ritable opportunit\u00e9 pour l'emploi","breadcrumb":{"@id":"https:\/\/batijournal.com\/index.php\/le-deploiement-de-la-fibre-optique-necessitera-22-000-emplois-dici-2021\/99740\/#breadcrumb"},"inLanguage":"fr-FR","potentialAction":[{"@type":"ReadAction","target":["https:\/\/batijournal.com\/index.php\/le-deploiement-de-la-fibre-optique-necessitera-22-000-emplois-dici-2021\/99740\/"]}]},{"@type":"ImageObject","inLanguage":"fr-FR","@id":"https:\/\/batijournal.com\/index.php\/le-deploiement-de-la-fibre-optique-necessitera-22-000-emplois-dici-2021\/99740\/#primaryimage","url":"https:\/\/batijournal.com\/wp-content\/uploads\/2018\/07\/emplois-fibre-optique-serce.jpg","contentUrl":"https:\/\/batijournal.com\/wp-content\/uploads\/2018\/07\/emplois-fibre-optique-serce.jpg","width":1082,"height":671,"caption":"emplois fibre optique"},{"@type":"BreadcrumbList","@id":"https:\/\/batijournal.com\/index.php\/le-deploiement-de-la-fibre-optique-necessitera-22-000-emplois-dici-2021\/99740\/#breadcrumb","itemListElement":[{"@type":"ListItem","position":1,"name":"Accueil","item":"https:\/\/batijournal.com\/"},{"@type":"ListItem","position":2,"name":"Actualit\u00e9s","item":"https:\/\/batijournal.com\/index.php\/category\/actualites\/"},{"@type":"ListItem","position":3,"name":"Le d\u00e9ploiement de la fibre optique n\u00e9cessitera 22 000 emplois d\u2019ici 2021"}]},{"@type":"WebSite","@id":"https:\/\/batijournal.com\/#website","url":"https:\/\/batijournal.com\/","name":"Batijournal","description":"L&#039;actualit\u00e9 du b\u00e2timent","potentialAction":[{"@type":"SearchAction","target":{"@type":"EntryPoint","urlTemplate":"https:\/\/batijournal.com\/?s={search_term_string}"},"query-input":{"@type":"PropertyValueSpecification","valueRequired":true,"valueName":"search_term_string"}}],"inLanguage":"fr-FR"},{"@type":"Person","@id":"https:\/\/batijournal.com\/#\/schema\/person\/1dc96ec6957aa1ccb25ebe78bb19f100","name":"St\u00e9phane Miget","image":{"@type":"ImageObject","inLanguage":"fr-FR","@id":"https:\/\/secure.gravatar.com\/avatar\/89915563d925342126b8ef0281b93d9d7fc337043e8df017f780908eb9644451?s=96&d=mm&r=g","url":"https:\/\/secure.gravatar.com\/avatar\/89915563d925342126b8ef0281b93d9d7fc337043e8df017f780908eb9644451?s=96&d=mm&r=g","contentUrl":"https:\/\/secure.gravatar.com\/avatar\/89915563d925342126b8ef0281b93d9d7fc337043e8df017f780908eb9644451?s=96&d=mm&r=g","caption":"St\u00e9phane Miget"},"url":"https:\/\/batijournal.com\/index.php\/author\/stephane\/"}]}},"_links":{"self":[{"href":"https:\/\/batijournal.com\/index.php\/wp-json\/wp\/v2\/posts\/99740","targetHints":{"allow":["GET"]}}],"collection":[{"href":"https:\/\/batijournal.com\/index.php\/wp-json\/wp\/v2\/posts"}],"about":[{"href":"https:\/\/batijournal.com\/index.php\/wp-json\/wp\/v2\/types\/post"}],"author":[{"embeddable":true,"href":"https:\/\/batijournal.com\/index.php\/wp-json\/wp\/v2\/users\/17"}],"replies":[{"embeddable":true,"href":"https:\/\/batijournal.com\/index.php\/wp-json\/wp\/v2\/comments?post=99740"}],"version-history":[{"count":0,"href":"https:\/\/batijournal.com\/index.php\/wp-json\/wp\/v2\/posts\/99740\/revisions"}],"wp:featuredmedia":[{"embeddable":true,"href":"https:\/\/batijournal.com\/index.php\/wp-json\/wp\/v2\/media\/99741"}],"wp:attachment":[{"href":"https:\/\/batijournal.com\/index.php\/wp-json\/wp\/v2\/media?parent=99740"}],"wp:term":[{"taxonomy":"category","embeddable":true,"href":"https:\/\/batijournal.com\/index.php\/wp-json\/wp\/v2\/categories?post=99740"},{"taxonomy":"post_tag","embeddable":true,"href":"https:\/\/batijournal.com\/index.php\/wp-json\/wp\/v2\/tags?post=99740"}],"curies":[{"name":"wp","href":"https:\/\/api.w.org\/{rel}","templated":true}]}}