{"id":99761,"date":"2018-07-18T08:15:49","date_gmt":"2018-07-18T06:15:49","guid":{"rendered":"https:\/\/batijournal.com\/?p=99761"},"modified":"2019-07-15T11:15:00","modified_gmt":"2019-07-15T09:15:00","slug":"le-musee-de-cluny-a-rouvert-ses-portes","status":"publish","type":"post","link":"https:\/\/batijournal.com\/index.php\/le-musee-de-cluny-a-rouvert-ses-portes\/99761\/","title":{"rendered":"Le mus\u00e9e de Cluny a rouvert ses portes le 14 juillet 2018"},"content":{"rendered":"<p>Le mus\u00e9e du Cluny, mus\u00e9e national du Moyen \u00c2ge, n\u2019avait b\u00e9n\u00e9fici\u00e9 d\u2019aucune r\u00e9novation d&rsquo;envergure depuis les ann\u00e9es 1950. Lanc\u00e9s \u00e0 l\u2019automne 2015 et essentiellement men\u00e9s en maintenant les lieux ouverts au public, les travaux de restauration de la chapelle et des vestiges se sont poursuivis avec la construction d\u2019un b\u00e2timent d\u2019accueil.<\/p>\n<p>Recouvert d\u2019une r\u00e9sille m\u00e9tallique mordor\u00e9e, ce nouveau b\u00e2timent se fond totalement dans l\u2019architecture des lieux, en harmonie avec les thermes antiques, l\u2019h\u00f4tel m\u00e9di\u00e9val des abb\u00e9s de Cluny et l&rsquo;\u00e9difice con\u00e7u au XIXe si\u00e8cle. Au c\u0153ur de la r\u00e9novation, deux ascenseurs permettent d\u00e9sormais d\u2019accueillir les diff\u00e9rents publics, y compris \u00e0 mobilit\u00e9 r\u00e9duite : depuis l\u2019accueil, une passerelle-coursive donne acc\u00e8s \u00e0 \u00ab l\u2019annexe romaine \u00bb. \u00ab Le geste tout en sobri\u00e9t\u00e9 de l\u2019architecte Bernard Desmoulin a ouvert davantage le mus\u00e9e sur la ville et le boulevard Saint-Michel \u00bb, r\u00e9sume-t-on chez l\u2019Op\u00e9rateur du patrimoine et des projets immobiliers de la culture (Oppic), ma\u00eetre d\u2019ouvrage d\u00e9l\u00e9gu\u00e9 du chantier pour la direction g\u00e9n\u00e9rale des patrimoines au minist\u00e8re de la Culture.<\/p>\n<p>Sur le plan technique, le b\u00e2timent d\u2019extension est donc fond\u00e9 sur une s\u00e9rie de micro-pieux qui traversent les structures gallo-romaines. Pos\u00e9es sur ces deux rang\u00e9es de pieux espac\u00e9s de 12 m\u00e8tres, des poutres longrines sont engrav\u00e9es dans l\u2019\u00e9paisseur des 40 premiers centim\u00e8tres de la terrasse en terre-plein, \u00e9paisseur limit\u00e9e pour exclure toute perturbation de la surface non fouill\u00e9e.<\/p>\n<p>Pour plus d&rsquo;informations sur le mus\u00e9e de Cluny, <a href=\"http:\/\/www.musee-moyenage.fr\/visiter\/informations-pratiques.html\" target=\"_blank\" rel=\"noopener noreferrer\">cliquez-ici\u00a0<\/a><\/p>\n<p>Photo : M.Denanc\u00e9<br \/>\nArchitecte : B.Desmoulin<br \/>\nSources : Minist\u00e8re de la culture \/ Mus\u00e9e du Moyen-\u00c2ge<\/p>\n<p>&nbsp;<\/p>\n<p>&nbsp;<\/p>\n","protected":false},"excerpt":{"rendered":"<p>Le mus\u00e9e du Cluny, mus\u00e9e national du Moyen \u00c2ge, n\u2019avait b\u00e9n\u00e9fici\u00e9 d\u2019aucune r\u00e9novation d&rsquo;envergure depuis les ann\u00e9es 1950. Lanc\u00e9s \u00e0 l\u2019automne 2015 et essentiellement men\u00e9s en maintenant les lieux ouverts au public, les travaux de restauration de la chapelle et des vestiges se sont poursuivis avec la construction d\u2019un b\u00e2timent d\u2019accueil. Recouvert d\u2019une r\u00e9sille m\u00e9tallique [&hellip;]<\/p>\n","protected":false},"author":17,"featured_media":99762,"comment_status":"closed","ping_status":"closed","sticky":false,"template":"","format":"standard","meta":{"_et_pb_use_builder":"","_et_pb_old_content":"","_et_gb_content_width":"","footnotes":""},"categories":[10530,6340,10785],"tags":[3640],"class_list":["post-99761","post","type-post","status-publish","format-standard","has-post-thumbnail","hentry","category-actualites","category-architecture-conception","category-atrium","tag-musee"],"yoast_head":"<!-- This site is optimized with the Yoast SEO plugin v27.4 - https:\/\/yoast.com\/product\/yoast-seo-wordpress\/ -->\n<title>Le mus\u00e9e de Cluny a rouvert ses portes le 14 juillet 2018<\/title>\n<meta name=\"description\" content=\"Le mus\u00e9e de Cluny a rouvert ses portes. Le mus\u00e9e national du Moyen \u00c2ge, n\u2019avait b\u00e9n\u00e9fici\u00e9 d\u2019aucune r\u00e9novation d&#039;envergure depuis les ann\u00e9es 1950.\" \/>\n<meta name=\"robots\" content=\"index, follow, max-snippet:-1, max-image-preview:large, max-video-preview:-1\" \/>\n<link rel=\"canonical\" href=\"https:\/\/batijournal.com\/index.php\/le-musee-de-cluny-a-rouvert-ses-portes\/99761\/\" \/>\n<meta property=\"og:locale\" content=\"fr_FR\" \/>\n<meta property=\"og:type\" content=\"article\" \/>\n<meta property=\"og:title\" content=\"Le mus\u00e9e de Cluny a rouvert ses portes le 14 juillet 2018\" \/>\n<meta property=\"og:description\" content=\"Le mus\u00e9e de Cluny a rouvert ses portes. Le mus\u00e9e national du Moyen \u00c2ge, n\u2019avait b\u00e9n\u00e9fici\u00e9 d\u2019aucune r\u00e9novation d&#039;envergure depuis les ann\u00e9es 1950.\" \/>\n<meta property=\"og:url\" content=\"https:\/\/batijournal.com\/index.php\/le-musee-de-cluny-a-rouvert-ses-portes\/99761\/\" \/>\n<meta property=\"og:site_name\" content=\"Batijournal\" \/>\n<meta property=\"article:published_time\" content=\"2018-07-18T06:15:49+00:00\" \/>\n<meta property=\"article:modified_time\" content=\"2019-07-15T09:15:00+00:00\" \/>\n<meta property=\"og:image\" content=\"https:\/\/batijournal.com\/wp-content\/uploads\/2018\/07\/musee-de-cluny.png\" \/>\n\t<meta property=\"og:image:width\" content=\"1040\" \/>\n\t<meta property=\"og:image:height\" content=\"763\" \/>\n\t<meta property=\"og:image:type\" content=\"image\/png\" \/>\n<meta name=\"author\" content=\"St\u00e9phane Miget\" \/>\n<meta name=\"twitter:card\" content=\"summary_large_image\" \/>\n<meta name=\"twitter:creator\" content=\"@bati_journal\" \/>\n<meta name=\"twitter:site\" content=\"@bati_journal\" \/>\n<meta name=\"twitter:label1\" content=\"\u00c9crit par\" \/>\n\t<meta name=\"twitter:data1\" content=\"St\u00e9phane Miget\" \/>\n\t<meta name=\"twitter:label2\" content=\"Dur\u00e9e de lecture estim\u00e9e\" \/>\n\t<meta name=\"twitter:data2\" content=\"2 minutes\" \/>\n<script type=\"application\/ld+json\" class=\"yoast-schema-graph\">{\"@context\":\"https:\\\/\\\/schema.org\",\"@graph\":[{\"@type\":\"Article\",\"@id\":\"https:\\\/\\\/batijournal.com\\\/index.php\\\/le-musee-de-cluny-a-rouvert-ses-portes\\\/99761\\\/#article\",\"isPartOf\":{\"@id\":\"https:\\\/\\\/batijournal.com\\\/index.php\\\/le-musee-de-cluny-a-rouvert-ses-portes\\\/99761\\\/\"},\"author\":{\"name\":\"St\u00e9phane Miget\",\"@id\":\"https:\\\/\\\/batijournal.com\\\/#\\\/schema\\\/person\\\/1dc96ec6957aa1ccb25ebe78bb19f100\"},\"headline\":\"Le mus\u00e9e de Cluny a rouvert ses portes le 14 juillet 2018\",\"datePublished\":\"2018-07-18T06:15:49+00:00\",\"dateModified\":\"2019-07-15T09:15:00+00:00\",\"mainEntityOfPage\":{\"@id\":\"https:\\\/\\\/batijournal.com\\\/index.php\\\/le-musee-de-cluny-a-rouvert-ses-portes\\\/99761\\\/\"},\"wordCount\":316,\"image\":{\"@id\":\"https:\\\/\\\/batijournal.com\\\/index.php\\\/le-musee-de-cluny-a-rouvert-ses-portes\\\/99761\\\/#primaryimage\"},\"thumbnailUrl\":\"https:\\\/\\\/batijournal.com\\\/wp-content\\\/uploads\\\/2018\\\/07\\\/musee-de-cluny.png\",\"keywords\":[\"mus\u00e9e\"],\"articleSection\":[\"Actualit\u00e9s\",\"Architecture &amp; Conception\",\"zz_Atrium Patrimoine\"],\"inLanguage\":\"fr-FR\"},{\"@type\":\"WebPage\",\"@id\":\"https:\\\/\\\/batijournal.com\\\/index.php\\\/le-musee-de-cluny-a-rouvert-ses-portes\\\/99761\\\/\",\"url\":\"https:\\\/\\\/batijournal.com\\\/index.php\\\/le-musee-de-cluny-a-rouvert-ses-portes\\\/99761\\\/\",\"name\":\"Le mus\u00e9e de Cluny a rouvert ses portes le 14 juillet 2018\",\"isPartOf\":{\"@id\":\"https:\\\/\\\/batijournal.com\\\/#website\"},\"primaryImageOfPage\":{\"@id\":\"https:\\\/\\\/batijournal.com\\\/index.php\\\/le-musee-de-cluny-a-rouvert-ses-portes\\\/99761\\\/#primaryimage\"},\"image\":{\"@id\":\"https:\\\/\\\/batijournal.com\\\/index.php\\\/le-musee-de-cluny-a-rouvert-ses-portes\\\/99761\\\/#primaryimage\"},\"thumbnailUrl\":\"https:\\\/\\\/batijournal.com\\\/wp-content\\\/uploads\\\/2018\\\/07\\\/musee-de-cluny.png\",\"datePublished\":\"2018-07-18T06:15:49+00:00\",\"dateModified\":\"2019-07-15T09:15:00+00:00\",\"author\":{\"@id\":\"https:\\\/\\\/batijournal.com\\\/#\\\/schema\\\/person\\\/1dc96ec6957aa1ccb25ebe78bb19f100\"},\"description\":\"Le mus\u00e9e de Cluny a rouvert ses portes. Le mus\u00e9e national du Moyen \u00c2ge, n\u2019avait b\u00e9n\u00e9fici\u00e9 d\u2019aucune r\u00e9novation d'envergure depuis les ann\u00e9es 1950.\",\"breadcrumb\":{\"@id\":\"https:\\\/\\\/batijournal.com\\\/index.php\\\/le-musee-de-cluny-a-rouvert-ses-portes\\\/99761\\\/#breadcrumb\"},\"inLanguage\":\"fr-FR\",\"potentialAction\":[{\"@type\":\"ReadAction\",\"target\":[\"https:\\\/\\\/batijournal.com\\\/index.php\\\/le-musee-de-cluny-a-rouvert-ses-portes\\\/99761\\\/\"]}]},{\"@type\":\"ImageObject\",\"inLanguage\":\"fr-FR\",\"@id\":\"https:\\\/\\\/batijournal.com\\\/index.php\\\/le-musee-de-cluny-a-rouvert-ses-portes\\\/99761\\\/#primaryimage\",\"url\":\"https:\\\/\\\/batijournal.com\\\/wp-content\\\/uploads\\\/2018\\\/07\\\/musee-de-cluny.png\",\"contentUrl\":\"https:\\\/\\\/batijournal.com\\\/wp-content\\\/uploads\\\/2018\\\/07\\\/musee-de-cluny.png\",\"width\":1040,\"height\":763,\"caption\":\"musee du Cluny\"},{\"@type\":\"BreadcrumbList\",\"@id\":\"https:\\\/\\\/batijournal.com\\\/index.php\\\/le-musee-de-cluny-a-rouvert-ses-portes\\\/99761\\\/#breadcrumb\",\"itemListElement\":[{\"@type\":\"ListItem\",\"position\":1,\"name\":\"Accueil\",\"item\":\"https:\\\/\\\/batijournal.com\\\/\"},{\"@type\":\"ListItem\",\"position\":2,\"name\":\"Actualit\u00e9s\",\"item\":\"https:\\\/\\\/batijournal.com\\\/index.php\\\/category\\\/actualites\\\/\"},{\"@type\":\"ListItem\",\"position\":3,\"name\":\"Le mus\u00e9e de Cluny a rouvert ses portes le 14 juillet 2018\"}]},{\"@type\":\"WebSite\",\"@id\":\"https:\\\/\\\/batijournal.com\\\/#website\",\"url\":\"https:\\\/\\\/batijournal.com\\\/\",\"name\":\"Batijournal\",\"description\":\"L&#039;actualit\u00e9 du b\u00e2timent\",\"potentialAction\":[{\"@type\":\"SearchAction\",\"target\":{\"@type\":\"EntryPoint\",\"urlTemplate\":\"https:\\\/\\\/batijournal.com\\\/?s={search_term_string}\"},\"query-input\":{\"@type\":\"PropertyValueSpecification\",\"valueRequired\":true,\"valueName\":\"search_term_string\"}}],\"inLanguage\":\"fr-FR\"},{\"@type\":\"Person\",\"@id\":\"https:\\\/\\\/batijournal.com\\\/#\\\/schema\\\/person\\\/1dc96ec6957aa1ccb25ebe78bb19f100\",\"name\":\"St\u00e9phane Miget\",\"image\":{\"@type\":\"ImageObject\",\"inLanguage\":\"fr-FR\",\"@id\":\"https:\\\/\\\/secure.gravatar.com\\\/avatar\\\/89915563d925342126b8ef0281b93d9d7fc337043e8df017f780908eb9644451?s=96&d=mm&r=g\",\"url\":\"https:\\\/\\\/secure.gravatar.com\\\/avatar\\\/89915563d925342126b8ef0281b93d9d7fc337043e8df017f780908eb9644451?s=96&d=mm&r=g\",\"contentUrl\":\"https:\\\/\\\/secure.gravatar.com\\\/avatar\\\/89915563d925342126b8ef0281b93d9d7fc337043e8df017f780908eb9644451?s=96&d=mm&r=g\",\"caption\":\"St\u00e9phane Miget\"},\"url\":\"https:\\\/\\\/batijournal.com\\\/index.php\\\/author\\\/stephane\\\/\"}]}<\/script>\n<!-- \/ Yoast SEO plugin. -->","yoast_head_json":{"title":"Le mus\u00e9e de Cluny a rouvert ses portes le 14 juillet 2018","description":"Le mus\u00e9e de Cluny a rouvert ses portes. Le mus\u00e9e national du Moyen \u00c2ge, n\u2019avait b\u00e9n\u00e9fici\u00e9 d\u2019aucune r\u00e9novation d'envergure depuis les ann\u00e9es 1950.","robots":{"index":"index","follow":"follow","max-snippet":"max-snippet:-1","max-image-preview":"max-image-preview:large","max-video-preview":"max-video-preview:-1"},"canonical":"https:\/\/batijournal.com\/index.php\/le-musee-de-cluny-a-rouvert-ses-portes\/99761\/","og_locale":"fr_FR","og_type":"article","og_title":"Le mus\u00e9e de Cluny a rouvert ses portes le 14 juillet 2018","og_description":"Le mus\u00e9e de Cluny a rouvert ses portes. Le mus\u00e9e national du Moyen \u00c2ge, n\u2019avait b\u00e9n\u00e9fici\u00e9 d\u2019aucune r\u00e9novation d'envergure depuis les ann\u00e9es 1950.","og_url":"https:\/\/batijournal.com\/index.php\/le-musee-de-cluny-a-rouvert-ses-portes\/99761\/","og_site_name":"Batijournal","article_published_time":"2018-07-18T06:15:49+00:00","article_modified_time":"2019-07-15T09:15:00+00:00","og_image":[{"width":1040,"height":763,"url":"https:\/\/batijournal.com\/wp-content\/uploads\/2018\/07\/musee-de-cluny.png","type":"image\/png"}],"author":"St\u00e9phane Miget","twitter_card":"summary_large_image","twitter_creator":"@bati_journal","twitter_site":"@bati_journal","twitter_misc":{"\u00c9crit par":"St\u00e9phane Miget","Dur\u00e9e de lecture estim\u00e9e":"2 minutes"},"schema":{"@context":"https:\/\/schema.org","@graph":[{"@type":"Article","@id":"https:\/\/batijournal.com\/index.php\/le-musee-de-cluny-a-rouvert-ses-portes\/99761\/#article","isPartOf":{"@id":"https:\/\/batijournal.com\/index.php\/le-musee-de-cluny-a-rouvert-ses-portes\/99761\/"},"author":{"name":"St\u00e9phane Miget","@id":"https:\/\/batijournal.com\/#\/schema\/person\/1dc96ec6957aa1ccb25ebe78bb19f100"},"headline":"Le mus\u00e9e de Cluny a rouvert ses portes le 14 juillet 2018","datePublished":"2018-07-18T06:15:49+00:00","dateModified":"2019-07-15T09:15:00+00:00","mainEntityOfPage":{"@id":"https:\/\/batijournal.com\/index.php\/le-musee-de-cluny-a-rouvert-ses-portes\/99761\/"},"wordCount":316,"image":{"@id":"https:\/\/batijournal.com\/index.php\/le-musee-de-cluny-a-rouvert-ses-portes\/99761\/#primaryimage"},"thumbnailUrl":"https:\/\/batijournal.com\/wp-content\/uploads\/2018\/07\/musee-de-cluny.png","keywords":["mus\u00e9e"],"articleSection":["Actualit\u00e9s","Architecture &amp; Conception","zz_Atrium Patrimoine"],"inLanguage":"fr-FR"},{"@type":"WebPage","@id":"https:\/\/batijournal.com\/index.php\/le-musee-de-cluny-a-rouvert-ses-portes\/99761\/","url":"https:\/\/batijournal.com\/index.php\/le-musee-de-cluny-a-rouvert-ses-portes\/99761\/","name":"Le mus\u00e9e de Cluny a rouvert ses portes le 14 juillet 2018","isPartOf":{"@id":"https:\/\/batijournal.com\/#website"},"primaryImageOfPage":{"@id":"https:\/\/batijournal.com\/index.php\/le-musee-de-cluny-a-rouvert-ses-portes\/99761\/#primaryimage"},"image":{"@id":"https:\/\/batijournal.com\/index.php\/le-musee-de-cluny-a-rouvert-ses-portes\/99761\/#primaryimage"},"thumbnailUrl":"https:\/\/batijournal.com\/wp-content\/uploads\/2018\/07\/musee-de-cluny.png","datePublished":"2018-07-18T06:15:49+00:00","dateModified":"2019-07-15T09:15:00+00:00","author":{"@id":"https:\/\/batijournal.com\/#\/schema\/person\/1dc96ec6957aa1ccb25ebe78bb19f100"},"description":"Le mus\u00e9e de Cluny a rouvert ses portes. Le mus\u00e9e national du Moyen \u00c2ge, n\u2019avait b\u00e9n\u00e9fici\u00e9 d\u2019aucune r\u00e9novation d'envergure depuis les ann\u00e9es 1950.","breadcrumb":{"@id":"https:\/\/batijournal.com\/index.php\/le-musee-de-cluny-a-rouvert-ses-portes\/99761\/#breadcrumb"},"inLanguage":"fr-FR","potentialAction":[{"@type":"ReadAction","target":["https:\/\/batijournal.com\/index.php\/le-musee-de-cluny-a-rouvert-ses-portes\/99761\/"]}]},{"@type":"ImageObject","inLanguage":"fr-FR","@id":"https:\/\/batijournal.com\/index.php\/le-musee-de-cluny-a-rouvert-ses-portes\/99761\/#primaryimage","url":"https:\/\/batijournal.com\/wp-content\/uploads\/2018\/07\/musee-de-cluny.png","contentUrl":"https:\/\/batijournal.com\/wp-content\/uploads\/2018\/07\/musee-de-cluny.png","width":1040,"height":763,"caption":"musee du Cluny"},{"@type":"BreadcrumbList","@id":"https:\/\/batijournal.com\/index.php\/le-musee-de-cluny-a-rouvert-ses-portes\/99761\/#breadcrumb","itemListElement":[{"@type":"ListItem","position":1,"name":"Accueil","item":"https:\/\/batijournal.com\/"},{"@type":"ListItem","position":2,"name":"Actualit\u00e9s","item":"https:\/\/batijournal.com\/index.php\/category\/actualites\/"},{"@type":"ListItem","position":3,"name":"Le mus\u00e9e de Cluny a rouvert ses portes le 14 juillet 2018"}]},{"@type":"WebSite","@id":"https:\/\/batijournal.com\/#website","url":"https:\/\/batijournal.com\/","name":"Batijournal","description":"L&#039;actualit\u00e9 du b\u00e2timent","potentialAction":[{"@type":"SearchAction","target":{"@type":"EntryPoint","urlTemplate":"https:\/\/batijournal.com\/?s={search_term_string}"},"query-input":{"@type":"PropertyValueSpecification","valueRequired":true,"valueName":"search_term_string"}}],"inLanguage":"fr-FR"},{"@type":"Person","@id":"https:\/\/batijournal.com\/#\/schema\/person\/1dc96ec6957aa1ccb25ebe78bb19f100","name":"St\u00e9phane Miget","image":{"@type":"ImageObject","inLanguage":"fr-FR","@id":"https:\/\/secure.gravatar.com\/avatar\/89915563d925342126b8ef0281b93d9d7fc337043e8df017f780908eb9644451?s=96&d=mm&r=g","url":"https:\/\/secure.gravatar.com\/avatar\/89915563d925342126b8ef0281b93d9d7fc337043e8df017f780908eb9644451?s=96&d=mm&r=g","contentUrl":"https:\/\/secure.gravatar.com\/avatar\/89915563d925342126b8ef0281b93d9d7fc337043e8df017f780908eb9644451?s=96&d=mm&r=g","caption":"St\u00e9phane Miget"},"url":"https:\/\/batijournal.com\/index.php\/author\/stephane\/"}]}},"_links":{"self":[{"href":"https:\/\/batijournal.com\/index.php\/wp-json\/wp\/v2\/posts\/99761","targetHints":{"allow":["GET"]}}],"collection":[{"href":"https:\/\/batijournal.com\/index.php\/wp-json\/wp\/v2\/posts"}],"about":[{"href":"https:\/\/batijournal.com\/index.php\/wp-json\/wp\/v2\/types\/post"}],"author":[{"embeddable":true,"href":"https:\/\/batijournal.com\/index.php\/wp-json\/wp\/v2\/users\/17"}],"replies":[{"embeddable":true,"href":"https:\/\/batijournal.com\/index.php\/wp-json\/wp\/v2\/comments?post=99761"}],"version-history":[{"count":0,"href":"https:\/\/batijournal.com\/index.php\/wp-json\/wp\/v2\/posts\/99761\/revisions"}],"wp:featuredmedia":[{"embeddable":true,"href":"https:\/\/batijournal.com\/index.php\/wp-json\/wp\/v2\/media\/99762"}],"wp:attachment":[{"href":"https:\/\/batijournal.com\/index.php\/wp-json\/wp\/v2\/media?parent=99761"}],"wp:term":[{"taxonomy":"category","embeddable":true,"href":"https:\/\/batijournal.com\/index.php\/wp-json\/wp\/v2\/categories?post=99761"},{"taxonomy":"post_tag","embeddable":true,"href":"https:\/\/batijournal.com\/index.php\/wp-json\/wp\/v2\/tags?post=99761"}],"curies":[{"name":"wp","href":"https:\/\/api.w.org\/{rel}","templated":true}]}}