{"id":99765,"date":"2018-07-18T08:43:44","date_gmt":"2018-07-18T06:43:44","guid":{"rendered":"https:\/\/batijournal.com\/?p=99765"},"modified":"2019-07-15T11:14:59","modified_gmt":"2019-07-15T09:14:59","slug":"tous-les-trois-ans-une-capitale-francaise-de-la-culture","status":"publish","type":"post","link":"https:\/\/batijournal.com\/index.php\/tous-les-trois-ans-une-capitale-francaise-de-la-culture\/99765\/","title":{"rendered":"La capitale fran\u00e7aise de la Culture annonc\u00e9e tous les trois ans"},"content":{"rendered":"<p>Les Capitales fran\u00e7aises de la Culture distingueront tous les trois ans l\u2019innovation artistique et l\u2019attractivit\u00e9 culturelle d\u2019une ville et mettront en valeur le r\u00f4le des collectivit\u00e9s locales dans le domaine artistique et la coop\u00e9ration culturelle internationale. Ce projet ambitieux, port\u00e9 par le minist\u00e8re de la Culture et son partenaire France urbaine, s\u2019inspire des Capitales Europ\u00e9ennes de la Culture. Pour engager cette d\u00e9marche, Fran\u00e7oise Nyssen, ministre de la Culture a confi\u00e9 une mission \u00e0 Bernard Faivre d\u2019Arcier, ancien directeur du festival d\u2019Avignon, afin de d\u00e9finir la proc\u00e9dure et les crit\u00e8res de s\u00e9lection des villes et la constitution d\u2019un jury ind\u00e9pendant charg\u00e9 d\u2019attribuer le 1er titre de Capitale fran\u00e7aise de la Culture pour la premi\u00e8re \u00e9dition pr\u00e9vue en 2021. Les villes candidates devront \u00e9galement s\u2019inscrire dans une d\u00e9marche solidaire en prenant en compte les habitants et territoires les plus \u00e9loign\u00e9s de l\u2019offre culturelle qu\u2019il s\u2019agisse des quartiers politique de la Ville, ou encore de zones rurales ou p\u00e9riurbaines autour de la ville. La durabilit\u00e9 et la p\u00e9rennit\u00e9 des projets est un facteur crucial : les projets ne doivent pas \u00eatre \u00e9v\u00e9nementiels mais se poursuivre au-del\u00e0 de l\u2019ann\u00e9e vis\u00e9e, toucher toutes les g\u00e9n\u00e9rations, mobiliser les habitants et les visiteurs et impliquer les artistes et acteurs culturels implant\u00e9s sur le territoire.<\/p>\n","protected":false},"excerpt":{"rendered":"<p>Les Capitales fran\u00e7aises de la Culture distingueront tous les trois ans l\u2019innovation artistique et l\u2019attractivit\u00e9 culturelle d\u2019une ville et mettront en valeur le r\u00f4le des collectivit\u00e9s locales dans le domaine artistique et la coop\u00e9ration culturelle internationale. Ce projet ambitieux, port\u00e9 par le minist\u00e8re de la Culture et son partenaire France urbaine, s\u2019inspire des Capitales Europ\u00e9ennes [&hellip;]<\/p>\n","protected":false},"author":17,"featured_media":99766,"comment_status":"closed","ping_status":"closed","sticky":false,"template":"","format":"standard","meta":{"_et_pb_use_builder":"","_et_pb_old_content":"","_et_gb_content_width":"","footnotes":""},"categories":[10530,6340,10785],"tags":[4389],"class_list":["post-99765","post","type-post","status-publish","format-standard","has-post-thumbnail","hentry","category-actualites","category-architecture-conception","category-atrium","tag-culture"],"yoast_head":"<!-- This site is optimized with the Yoast SEO plugin v27.4 - https:\/\/yoast.com\/product\/yoast-seo-wordpress\/ -->\n<title>La capitale fran\u00e7aise de la Culture annonc\u00e9e tous les trois ans<\/title>\n<meta name=\"description\" content=\"Les Capitales fran\u00e7aises de la Culture distingueront tous les trois ans l\u2019innovation artistique et l\u2019attractivit\u00e9 culturelle d\u2019une ville.\" \/>\n<meta name=\"robots\" content=\"index, follow, max-snippet:-1, max-image-preview:large, max-video-preview:-1\" \/>\n<link rel=\"canonical\" href=\"https:\/\/batijournal.com\/index.php\/tous-les-trois-ans-une-capitale-francaise-de-la-culture\/99765\/\" \/>\n<meta property=\"og:locale\" content=\"fr_FR\" \/>\n<meta property=\"og:type\" content=\"article\" \/>\n<meta property=\"og:title\" content=\"La capitale fran\u00e7aise de la Culture annonc\u00e9e tous les trois ans\" \/>\n<meta property=\"og:description\" content=\"Les Capitales fran\u00e7aises de la Culture distingueront tous les trois ans l\u2019innovation artistique et l\u2019attractivit\u00e9 culturelle d\u2019une ville.\" \/>\n<meta property=\"og:url\" content=\"https:\/\/batijournal.com\/index.php\/tous-les-trois-ans-une-capitale-francaise-de-la-culture\/99765\/\" \/>\n<meta property=\"og:site_name\" content=\"Batijournal\" \/>\n<meta property=\"article:published_time\" content=\"2018-07-18T06:43:44+00:00\" \/>\n<meta property=\"article:modified_time\" content=\"2019-07-15T09:14:59+00:00\" \/>\n<meta property=\"og:image\" content=\"https:\/\/batijournal.com\/wp-content\/uploads\/2018\/07\/avignon.jpg\" \/>\n\t<meta property=\"og:image:width\" content=\"1200\" \/>\n\t<meta property=\"og:image:height\" content=\"900\" \/>\n\t<meta property=\"og:image:type\" content=\"image\/jpeg\" \/>\n<meta name=\"author\" content=\"St\u00e9phane Miget\" \/>\n<meta name=\"twitter:card\" content=\"summary_large_image\" \/>\n<meta name=\"twitter:creator\" content=\"@bati_journal\" \/>\n<meta name=\"twitter:site\" content=\"@bati_journal\" \/>\n<meta name=\"twitter:label1\" content=\"\u00c9crit par\" \/>\n\t<meta name=\"twitter:data1\" content=\"St\u00e9phane Miget\" \/>\n\t<meta name=\"twitter:label2\" content=\"Dur\u00e9e de lecture estim\u00e9e\" \/>\n\t<meta name=\"twitter:data2\" content=\"1 minute\" \/>\n<script type=\"application\/ld+json\" class=\"yoast-schema-graph\">{\"@context\":\"https:\\\/\\\/schema.org\",\"@graph\":[{\"@type\":\"Article\",\"@id\":\"https:\\\/\\\/batijournal.com\\\/index.php\\\/tous-les-trois-ans-une-capitale-francaise-de-la-culture\\\/99765\\\/#article\",\"isPartOf\":{\"@id\":\"https:\\\/\\\/batijournal.com\\\/index.php\\\/tous-les-trois-ans-une-capitale-francaise-de-la-culture\\\/99765\\\/\"},\"author\":{\"name\":\"St\u00e9phane Miget\",\"@id\":\"https:\\\/\\\/batijournal.com\\\/#\\\/schema\\\/person\\\/1dc96ec6957aa1ccb25ebe78bb19f100\"},\"headline\":\"La capitale fran\u00e7aise de la Culture annonc\u00e9e tous les trois ans\",\"datePublished\":\"2018-07-18T06:43:44+00:00\",\"dateModified\":\"2019-07-15T09:14:59+00:00\",\"mainEntityOfPage\":{\"@id\":\"https:\\\/\\\/batijournal.com\\\/index.php\\\/tous-les-trois-ans-une-capitale-francaise-de-la-culture\\\/99765\\\/\"},\"wordCount\":256,\"image\":{\"@id\":\"https:\\\/\\\/batijournal.com\\\/index.php\\\/tous-les-trois-ans-une-capitale-francaise-de-la-culture\\\/99765\\\/#primaryimage\"},\"thumbnailUrl\":\"https:\\\/\\\/batijournal.com\\\/wp-content\\\/uploads\\\/2018\\\/07\\\/avignon.jpg\",\"keywords\":[\"culture\"],\"articleSection\":[\"Actualit\u00e9s\",\"Architecture &amp; Conception\",\"zz_Atrium Patrimoine\"],\"inLanguage\":\"fr-FR\"},{\"@type\":\"WebPage\",\"@id\":\"https:\\\/\\\/batijournal.com\\\/index.php\\\/tous-les-trois-ans-une-capitale-francaise-de-la-culture\\\/99765\\\/\",\"url\":\"https:\\\/\\\/batijournal.com\\\/index.php\\\/tous-les-trois-ans-une-capitale-francaise-de-la-culture\\\/99765\\\/\",\"name\":\"La capitale fran\u00e7aise de la Culture annonc\u00e9e tous les trois ans\",\"isPartOf\":{\"@id\":\"https:\\\/\\\/batijournal.com\\\/#website\"},\"primaryImageOfPage\":{\"@id\":\"https:\\\/\\\/batijournal.com\\\/index.php\\\/tous-les-trois-ans-une-capitale-francaise-de-la-culture\\\/99765\\\/#primaryimage\"},\"image\":{\"@id\":\"https:\\\/\\\/batijournal.com\\\/index.php\\\/tous-les-trois-ans-une-capitale-francaise-de-la-culture\\\/99765\\\/#primaryimage\"},\"thumbnailUrl\":\"https:\\\/\\\/batijournal.com\\\/wp-content\\\/uploads\\\/2018\\\/07\\\/avignon.jpg\",\"datePublished\":\"2018-07-18T06:43:44+00:00\",\"dateModified\":\"2019-07-15T09:14:59+00:00\",\"author\":{\"@id\":\"https:\\\/\\\/batijournal.com\\\/#\\\/schema\\\/person\\\/1dc96ec6957aa1ccb25ebe78bb19f100\"},\"description\":\"Les Capitales fran\u00e7aises de la Culture distingueront tous les trois ans l\u2019innovation artistique et l\u2019attractivit\u00e9 culturelle d\u2019une ville.\",\"breadcrumb\":{\"@id\":\"https:\\\/\\\/batijournal.com\\\/index.php\\\/tous-les-trois-ans-une-capitale-francaise-de-la-culture\\\/99765\\\/#breadcrumb\"},\"inLanguage\":\"fr-FR\",\"potentialAction\":[{\"@type\":\"ReadAction\",\"target\":[\"https:\\\/\\\/batijournal.com\\\/index.php\\\/tous-les-trois-ans-une-capitale-francaise-de-la-culture\\\/99765\\\/\"]}]},{\"@type\":\"ImageObject\",\"inLanguage\":\"fr-FR\",\"@id\":\"https:\\\/\\\/batijournal.com\\\/index.php\\\/tous-les-trois-ans-une-capitale-francaise-de-la-culture\\\/99765\\\/#primaryimage\",\"url\":\"https:\\\/\\\/batijournal.com\\\/wp-content\\\/uploads\\\/2018\\\/07\\\/avignon.jpg\",\"contentUrl\":\"https:\\\/\\\/batijournal.com\\\/wp-content\\\/uploads\\\/2018\\\/07\\\/avignon.jpg\",\"width\":1200,\"height\":900,\"caption\":\"La capitale fran\u00e7aise de la Culture\"},{\"@type\":\"BreadcrumbList\",\"@id\":\"https:\\\/\\\/batijournal.com\\\/index.php\\\/tous-les-trois-ans-une-capitale-francaise-de-la-culture\\\/99765\\\/#breadcrumb\",\"itemListElement\":[{\"@type\":\"ListItem\",\"position\":1,\"name\":\"Accueil\",\"item\":\"https:\\\/\\\/batijournal.com\\\/\"},{\"@type\":\"ListItem\",\"position\":2,\"name\":\"Actualit\u00e9s\",\"item\":\"https:\\\/\\\/batijournal.com\\\/index.php\\\/category\\\/actualites\\\/\"},{\"@type\":\"ListItem\",\"position\":3,\"name\":\"La capitale fran\u00e7aise de la Culture annonc\u00e9e tous les trois ans\"}]},{\"@type\":\"WebSite\",\"@id\":\"https:\\\/\\\/batijournal.com\\\/#website\",\"url\":\"https:\\\/\\\/batijournal.com\\\/\",\"name\":\"Batijournal\",\"description\":\"L&#039;actualit\u00e9 du b\u00e2timent\",\"potentialAction\":[{\"@type\":\"SearchAction\",\"target\":{\"@type\":\"EntryPoint\",\"urlTemplate\":\"https:\\\/\\\/batijournal.com\\\/?s={search_term_string}\"},\"query-input\":{\"@type\":\"PropertyValueSpecification\",\"valueRequired\":true,\"valueName\":\"search_term_string\"}}],\"inLanguage\":\"fr-FR\"},{\"@type\":\"Person\",\"@id\":\"https:\\\/\\\/batijournal.com\\\/#\\\/schema\\\/person\\\/1dc96ec6957aa1ccb25ebe78bb19f100\",\"name\":\"St\u00e9phane Miget\",\"image\":{\"@type\":\"ImageObject\",\"inLanguage\":\"fr-FR\",\"@id\":\"https:\\\/\\\/secure.gravatar.com\\\/avatar\\\/89915563d925342126b8ef0281b93d9d7fc337043e8df017f780908eb9644451?s=96&d=mm&r=g\",\"url\":\"https:\\\/\\\/secure.gravatar.com\\\/avatar\\\/89915563d925342126b8ef0281b93d9d7fc337043e8df017f780908eb9644451?s=96&d=mm&r=g\",\"contentUrl\":\"https:\\\/\\\/secure.gravatar.com\\\/avatar\\\/89915563d925342126b8ef0281b93d9d7fc337043e8df017f780908eb9644451?s=96&d=mm&r=g\",\"caption\":\"St\u00e9phane Miget\"},\"url\":\"https:\\\/\\\/batijournal.com\\\/index.php\\\/author\\\/stephane\\\/\"}]}<\/script>\n<!-- \/ Yoast SEO plugin. -->","yoast_head_json":{"title":"La capitale fran\u00e7aise de la Culture annonc\u00e9e tous les trois ans","description":"Les Capitales fran\u00e7aises de la Culture distingueront tous les trois ans l\u2019innovation artistique et l\u2019attractivit\u00e9 culturelle d\u2019une ville.","robots":{"index":"index","follow":"follow","max-snippet":"max-snippet:-1","max-image-preview":"max-image-preview:large","max-video-preview":"max-video-preview:-1"},"canonical":"https:\/\/batijournal.com\/index.php\/tous-les-trois-ans-une-capitale-francaise-de-la-culture\/99765\/","og_locale":"fr_FR","og_type":"article","og_title":"La capitale fran\u00e7aise de la Culture annonc\u00e9e tous les trois ans","og_description":"Les Capitales fran\u00e7aises de la Culture distingueront tous les trois ans l\u2019innovation artistique et l\u2019attractivit\u00e9 culturelle d\u2019une ville.","og_url":"https:\/\/batijournal.com\/index.php\/tous-les-trois-ans-une-capitale-francaise-de-la-culture\/99765\/","og_site_name":"Batijournal","article_published_time":"2018-07-18T06:43:44+00:00","article_modified_time":"2019-07-15T09:14:59+00:00","og_image":[{"width":1200,"height":900,"url":"https:\/\/batijournal.com\/wp-content\/uploads\/2018\/07\/avignon.jpg","type":"image\/jpeg"}],"author":"St\u00e9phane Miget","twitter_card":"summary_large_image","twitter_creator":"@bati_journal","twitter_site":"@bati_journal","twitter_misc":{"\u00c9crit par":"St\u00e9phane Miget","Dur\u00e9e de lecture estim\u00e9e":"1 minute"},"schema":{"@context":"https:\/\/schema.org","@graph":[{"@type":"Article","@id":"https:\/\/batijournal.com\/index.php\/tous-les-trois-ans-une-capitale-francaise-de-la-culture\/99765\/#article","isPartOf":{"@id":"https:\/\/batijournal.com\/index.php\/tous-les-trois-ans-une-capitale-francaise-de-la-culture\/99765\/"},"author":{"name":"St\u00e9phane Miget","@id":"https:\/\/batijournal.com\/#\/schema\/person\/1dc96ec6957aa1ccb25ebe78bb19f100"},"headline":"La capitale fran\u00e7aise de la Culture annonc\u00e9e tous les trois ans","datePublished":"2018-07-18T06:43:44+00:00","dateModified":"2019-07-15T09:14:59+00:00","mainEntityOfPage":{"@id":"https:\/\/batijournal.com\/index.php\/tous-les-trois-ans-une-capitale-francaise-de-la-culture\/99765\/"},"wordCount":256,"image":{"@id":"https:\/\/batijournal.com\/index.php\/tous-les-trois-ans-une-capitale-francaise-de-la-culture\/99765\/#primaryimage"},"thumbnailUrl":"https:\/\/batijournal.com\/wp-content\/uploads\/2018\/07\/avignon.jpg","keywords":["culture"],"articleSection":["Actualit\u00e9s","Architecture &amp; Conception","zz_Atrium Patrimoine"],"inLanguage":"fr-FR"},{"@type":"WebPage","@id":"https:\/\/batijournal.com\/index.php\/tous-les-trois-ans-une-capitale-francaise-de-la-culture\/99765\/","url":"https:\/\/batijournal.com\/index.php\/tous-les-trois-ans-une-capitale-francaise-de-la-culture\/99765\/","name":"La capitale fran\u00e7aise de la Culture annonc\u00e9e tous les trois ans","isPartOf":{"@id":"https:\/\/batijournal.com\/#website"},"primaryImageOfPage":{"@id":"https:\/\/batijournal.com\/index.php\/tous-les-trois-ans-une-capitale-francaise-de-la-culture\/99765\/#primaryimage"},"image":{"@id":"https:\/\/batijournal.com\/index.php\/tous-les-trois-ans-une-capitale-francaise-de-la-culture\/99765\/#primaryimage"},"thumbnailUrl":"https:\/\/batijournal.com\/wp-content\/uploads\/2018\/07\/avignon.jpg","datePublished":"2018-07-18T06:43:44+00:00","dateModified":"2019-07-15T09:14:59+00:00","author":{"@id":"https:\/\/batijournal.com\/#\/schema\/person\/1dc96ec6957aa1ccb25ebe78bb19f100"},"description":"Les Capitales fran\u00e7aises de la Culture distingueront tous les trois ans l\u2019innovation artistique et l\u2019attractivit\u00e9 culturelle d\u2019une ville.","breadcrumb":{"@id":"https:\/\/batijournal.com\/index.php\/tous-les-trois-ans-une-capitale-francaise-de-la-culture\/99765\/#breadcrumb"},"inLanguage":"fr-FR","potentialAction":[{"@type":"ReadAction","target":["https:\/\/batijournal.com\/index.php\/tous-les-trois-ans-une-capitale-francaise-de-la-culture\/99765\/"]}]},{"@type":"ImageObject","inLanguage":"fr-FR","@id":"https:\/\/batijournal.com\/index.php\/tous-les-trois-ans-une-capitale-francaise-de-la-culture\/99765\/#primaryimage","url":"https:\/\/batijournal.com\/wp-content\/uploads\/2018\/07\/avignon.jpg","contentUrl":"https:\/\/batijournal.com\/wp-content\/uploads\/2018\/07\/avignon.jpg","width":1200,"height":900,"caption":"La capitale fran\u00e7aise de la Culture"},{"@type":"BreadcrumbList","@id":"https:\/\/batijournal.com\/index.php\/tous-les-trois-ans-une-capitale-francaise-de-la-culture\/99765\/#breadcrumb","itemListElement":[{"@type":"ListItem","position":1,"name":"Accueil","item":"https:\/\/batijournal.com\/"},{"@type":"ListItem","position":2,"name":"Actualit\u00e9s","item":"https:\/\/batijournal.com\/index.php\/category\/actualites\/"},{"@type":"ListItem","position":3,"name":"La capitale fran\u00e7aise de la Culture annonc\u00e9e tous les trois ans"}]},{"@type":"WebSite","@id":"https:\/\/batijournal.com\/#website","url":"https:\/\/batijournal.com\/","name":"Batijournal","description":"L&#039;actualit\u00e9 du b\u00e2timent","potentialAction":[{"@type":"SearchAction","target":{"@type":"EntryPoint","urlTemplate":"https:\/\/batijournal.com\/?s={search_term_string}"},"query-input":{"@type":"PropertyValueSpecification","valueRequired":true,"valueName":"search_term_string"}}],"inLanguage":"fr-FR"},{"@type":"Person","@id":"https:\/\/batijournal.com\/#\/schema\/person\/1dc96ec6957aa1ccb25ebe78bb19f100","name":"St\u00e9phane Miget","image":{"@type":"ImageObject","inLanguage":"fr-FR","@id":"https:\/\/secure.gravatar.com\/avatar\/89915563d925342126b8ef0281b93d9d7fc337043e8df017f780908eb9644451?s=96&d=mm&r=g","url":"https:\/\/secure.gravatar.com\/avatar\/89915563d925342126b8ef0281b93d9d7fc337043e8df017f780908eb9644451?s=96&d=mm&r=g","contentUrl":"https:\/\/secure.gravatar.com\/avatar\/89915563d925342126b8ef0281b93d9d7fc337043e8df017f780908eb9644451?s=96&d=mm&r=g","caption":"St\u00e9phane Miget"},"url":"https:\/\/batijournal.com\/index.php\/author\/stephane\/"}]}},"_links":{"self":[{"href":"https:\/\/batijournal.com\/index.php\/wp-json\/wp\/v2\/posts\/99765","targetHints":{"allow":["GET"]}}],"collection":[{"href":"https:\/\/batijournal.com\/index.php\/wp-json\/wp\/v2\/posts"}],"about":[{"href":"https:\/\/batijournal.com\/index.php\/wp-json\/wp\/v2\/types\/post"}],"author":[{"embeddable":true,"href":"https:\/\/batijournal.com\/index.php\/wp-json\/wp\/v2\/users\/17"}],"replies":[{"embeddable":true,"href":"https:\/\/batijournal.com\/index.php\/wp-json\/wp\/v2\/comments?post=99765"}],"version-history":[{"count":0,"href":"https:\/\/batijournal.com\/index.php\/wp-json\/wp\/v2\/posts\/99765\/revisions"}],"wp:featuredmedia":[{"embeddable":true,"href":"https:\/\/batijournal.com\/index.php\/wp-json\/wp\/v2\/media\/99766"}],"wp:attachment":[{"href":"https:\/\/batijournal.com\/index.php\/wp-json\/wp\/v2\/media?parent=99765"}],"wp:term":[{"taxonomy":"category","embeddable":true,"href":"https:\/\/batijournal.com\/index.php\/wp-json\/wp\/v2\/categories?post=99765"},{"taxonomy":"post_tag","embeddable":true,"href":"https:\/\/batijournal.com\/index.php\/wp-json\/wp\/v2\/tags?post=99765"}],"curies":[{"name":"wp","href":"https:\/\/api.w.org\/{rel}","templated":true}]}}