{"id":99769,"date":"2018-07-19T08:32:33","date_gmt":"2018-07-19T06:32:33","guid":{"rendered":"https:\/\/batijournal.com\/?p=99769"},"modified":"2019-07-15T11:26:52","modified_gmt":"2019-07-15T09:26:52","slug":"une-facade-decole-a-la-maniere-dune-boite-de-crayons-de-couleur","status":"publish","type":"post","link":"https:\/\/batijournal.com\/index.php\/une-facade-decole-a-la-maniere-dune-boite-de-crayons-de-couleur\/99769\/","title":{"rendered":"Une fa\u00e7ade d&rsquo;\u00e9cole \u00e0 la mani\u00e8re d\u2019une bo\u00eete de crayons de couleur"},"content":{"rendered":"<p>Au sein d\u2019un quartier en forte restructuration, la nouvelle <strong>\u00e9cole Simone Veil<\/strong> de Villiers-sur-Marne devait apporter de la vie et casser la duret\u00e9 des structures voisines. L\u2019architecte, Laurent Fournet, a su imaginer un b\u00e2timent sugg\u00e9rant l\u2019enfance, l\u2019\u00e9veil et la cr\u00e9ativit\u00e9, avec un bardage tr\u00e8s color\u00e9 aux aspects de bo\u00eete \u00e0 crayons de couleur. Le bardage Barro Argeton \u00e9maill\u00e9 de Wienerberger a r\u00e9pondu \u00e0 son envie de cr\u00e9er \u00ab une vibration compl\u00e8te acidul\u00e9e \u00bb sur l\u2019ensemble du b\u00e2timent, \u00ab en donnant un rythme gr\u00e2ce aux variations sur chaque niveau de pose \u00bb.<\/p>\n<p>Chacun des bardeaux, de coloris diff\u00e9rents et d\u2019un m\u00e8tre de hauteur habille le b\u00e2timent sur diff\u00e9rents niveaux tout en respectant une parfaite harmonie. Pour poser les 7 000 pi\u00e8ces n\u00e9cessaires, il a fallu faire appel \u00e0 un sp\u00e9cialiste ayant exp\u00e9riment\u00e9 ce type de bardage. Bruno Tassone et son fils Tony ont \u0153uvr\u00e9 sur le chantier durant 4 mois. La difficult\u00e9 pour cette \u00e9cole consistait \u00e0 respecter le calepinage sp\u00e9cifique sur l\u2019ensemble du b\u00e2timent, murs et toiture. Les parties courbes ont \u00e9t\u00e9 particuli\u00e8rement d\u00e9licates \u00e0 n\u00e9gocier, \u00e9querre par \u00e9querre. La pose s\u2019est fa\u00eete bardeau apr\u00e8s bardeau, en laissant \u00e0 chaque fois l\u2019\u00e9querre \u00e0 l\u2019ombre du produit. Les colonnes sur la baie vitr\u00e9e qui font 7 m\u00e8tres de hauteur ont \u00e9galement n\u00e9cessit\u00e9 des bardeaux \u00e0 3 m\u00e8tres de distance de la fa\u00e7ade.<\/p>\n<p>Architecte : Agence Laurent Fournet Architectes<br \/>\nChef de projet et suivi de chantier : Anissa KADA<br \/>\nEntreprise de pose : Tassone B\u00e2timent<\/p>\n<p>Photo : l&rsquo;\u00e9cole Simone Veil &#8211; Takuji SHIMMURA<\/p>\n<p>&nbsp;<\/p>\n","protected":false},"excerpt":{"rendered":"<p>Au sein d\u2019un quartier en forte restructuration, la nouvelle \u00e9cole Simone Veil de Villiers-sur-Marne devait apporter de la vie et casser la duret\u00e9 des structures voisines. L\u2019architecte, Laurent Fournet, a su imaginer un b\u00e2timent sugg\u00e9rant l\u2019enfance, l\u2019\u00e9veil et la cr\u00e9ativit\u00e9, avec un bardage tr\u00e8s color\u00e9 aux aspects de bo\u00eete \u00e0 crayons de couleur. Le bardage [&hellip;]<\/p>\n","protected":false},"author":17,"featured_media":99770,"comment_status":"closed","ping_status":"closed","sticky":false,"template":"","format":"standard","meta":{"_et_pb_use_builder":"","_et_pb_old_content":"","_et_gb_content_width":"","footnotes":""},"categories":[10530,6340,10771,10775],"tags":[],"class_list":["post-99769","post","type-post","status-publish","format-standard","has-post-thumbnail","hentry","category-actualites","category-architecture-conception","category-5facades","category-actualites-5facades"],"yoast_head":"<!-- This site is optimized with the Yoast SEO plugin v27.4 - https:\/\/yoast.com\/product\/yoast-seo-wordpress\/ -->\n<title>Ecole Simone Veil : une fa\u00e7ade color\u00e9e aux aspects de bo\u00eete \u00e0 crayons<\/title>\n<meta name=\"description\" content=\"Une fa\u00e7ade color\u00e9e pour l&#039;\u00e9cole Simone Veil, Villiers-sur-Marne. Un bardage aux aspects de bo\u00eete \u00e0 crayons de couleur \u00e0 d\u00e9couvrir !\" \/>\n<meta name=\"robots\" content=\"index, follow, max-snippet:-1, max-image-preview:large, max-video-preview:-1\" \/>\n<link rel=\"canonical\" href=\"https:\/\/batijournal.com\/index.php\/une-facade-decole-a-la-maniere-dune-boite-de-crayons-de-couleur\/99769\/\" \/>\n<meta property=\"og:locale\" content=\"fr_FR\" \/>\n<meta property=\"og:type\" content=\"article\" \/>\n<meta property=\"og:title\" content=\"Ecole Simone Veil : une fa\u00e7ade color\u00e9e aux aspects de bo\u00eete \u00e0 crayons\" \/>\n<meta property=\"og:description\" content=\"Une fa\u00e7ade color\u00e9e pour l&#039;\u00e9cole Simone Veil, Villiers-sur-Marne. Un bardage aux aspects de bo\u00eete \u00e0 crayons de couleur \u00e0 d\u00e9couvrir !\" \/>\n<meta property=\"og:url\" content=\"https:\/\/batijournal.com\/index.php\/une-facade-decole-a-la-maniere-dune-boite-de-crayons-de-couleur\/99769\/\" \/>\n<meta property=\"og:site_name\" content=\"Batijournal\" \/>\n<meta property=\"article:published_time\" content=\"2018-07-19T06:32:33+00:00\" \/>\n<meta property=\"article:modified_time\" content=\"2019-07-15T09:26:52+00:00\" \/>\n<meta property=\"og:image\" content=\"https:\/\/batijournal.com\/wp-content\/uploads\/2018\/07\/Chantier_Wienerberger_Ecole_Simone_Veille.jpg\" \/>\n\t<meta property=\"og:image:width\" content=\"1200\" \/>\n\t<meta property=\"og:image:height\" content=\"800\" \/>\n\t<meta property=\"og:image:type\" content=\"image\/jpeg\" \/>\n<meta name=\"author\" content=\"St\u00e9phane Miget\" \/>\n<meta name=\"twitter:card\" content=\"summary_large_image\" \/>\n<meta name=\"twitter:creator\" content=\"@bati_journal\" \/>\n<meta name=\"twitter:site\" content=\"@bati_journal\" \/>\n<meta name=\"twitter:label1\" content=\"\u00c9crit par\" \/>\n\t<meta name=\"twitter:data1\" content=\"St\u00e9phane Miget\" \/>\n\t<meta name=\"twitter:label2\" content=\"Dur\u00e9e de lecture estim\u00e9e\" \/>\n\t<meta name=\"twitter:data2\" content=\"1 minute\" \/>\n<script type=\"application\/ld+json\" class=\"yoast-schema-graph\">{\"@context\":\"https:\\\/\\\/schema.org\",\"@graph\":[{\"@type\":\"Article\",\"@id\":\"https:\\\/\\\/batijournal.com\\\/index.php\\\/une-facade-decole-a-la-maniere-dune-boite-de-crayons-de-couleur\\\/99769\\\/#article\",\"isPartOf\":{\"@id\":\"https:\\\/\\\/batijournal.com\\\/index.php\\\/une-facade-decole-a-la-maniere-dune-boite-de-crayons-de-couleur\\\/99769\\\/\"},\"author\":{\"name\":\"St\u00e9phane Miget\",\"@id\":\"https:\\\/\\\/batijournal.com\\\/#\\\/schema\\\/person\\\/1dc96ec6957aa1ccb25ebe78bb19f100\"},\"headline\":\"Une fa\u00e7ade d&rsquo;\u00e9cole \u00e0 la mani\u00e8re d\u2019une bo\u00eete de crayons de couleur\",\"datePublished\":\"2018-07-19T06:32:33+00:00\",\"dateModified\":\"2019-07-15T09:26:52+00:00\",\"mainEntityOfPage\":{\"@id\":\"https:\\\/\\\/batijournal.com\\\/index.php\\\/une-facade-decole-a-la-maniere-dune-boite-de-crayons-de-couleur\\\/99769\\\/\"},\"wordCount\":290,\"image\":{\"@id\":\"https:\\\/\\\/batijournal.com\\\/index.php\\\/une-facade-decole-a-la-maniere-dune-boite-de-crayons-de-couleur\\\/99769\\\/#primaryimage\"},\"thumbnailUrl\":\"https:\\\/\\\/batijournal.com\\\/wp-content\\\/uploads\\\/2018\\\/07\\\/Chantier_Wienerberger_Ecole_Simone_Veille.jpg\",\"articleSection\":[\"Actualit\u00e9s\",\"Architecture &amp; Conception\",\"zz_5fa\u00e7ades\",\"zz_Actualit\u00e9s - 5fa\u00e7ades\"],\"inLanguage\":\"fr-FR\"},{\"@type\":\"WebPage\",\"@id\":\"https:\\\/\\\/batijournal.com\\\/index.php\\\/une-facade-decole-a-la-maniere-dune-boite-de-crayons-de-couleur\\\/99769\\\/\",\"url\":\"https:\\\/\\\/batijournal.com\\\/index.php\\\/une-facade-decole-a-la-maniere-dune-boite-de-crayons-de-couleur\\\/99769\\\/\",\"name\":\"Ecole Simone Veil : une fa\u00e7ade color\u00e9e aux aspects de bo\u00eete \u00e0 crayons\",\"isPartOf\":{\"@id\":\"https:\\\/\\\/batijournal.com\\\/#website\"},\"primaryImageOfPage\":{\"@id\":\"https:\\\/\\\/batijournal.com\\\/index.php\\\/une-facade-decole-a-la-maniere-dune-boite-de-crayons-de-couleur\\\/99769\\\/#primaryimage\"},\"image\":{\"@id\":\"https:\\\/\\\/batijournal.com\\\/index.php\\\/une-facade-decole-a-la-maniere-dune-boite-de-crayons-de-couleur\\\/99769\\\/#primaryimage\"},\"thumbnailUrl\":\"https:\\\/\\\/batijournal.com\\\/wp-content\\\/uploads\\\/2018\\\/07\\\/Chantier_Wienerberger_Ecole_Simone_Veille.jpg\",\"datePublished\":\"2018-07-19T06:32:33+00:00\",\"dateModified\":\"2019-07-15T09:26:52+00:00\",\"author\":{\"@id\":\"https:\\\/\\\/batijournal.com\\\/#\\\/schema\\\/person\\\/1dc96ec6957aa1ccb25ebe78bb19f100\"},\"description\":\"Une fa\u00e7ade color\u00e9e pour l'\u00e9cole Simone Veil, Villiers-sur-Marne. Un bardage aux aspects de bo\u00eete \u00e0 crayons de couleur \u00e0 d\u00e9couvrir !\",\"breadcrumb\":{\"@id\":\"https:\\\/\\\/batijournal.com\\\/index.php\\\/une-facade-decole-a-la-maniere-dune-boite-de-crayons-de-couleur\\\/99769\\\/#breadcrumb\"},\"inLanguage\":\"fr-FR\",\"potentialAction\":[{\"@type\":\"ReadAction\",\"target\":[\"https:\\\/\\\/batijournal.com\\\/index.php\\\/une-facade-decole-a-la-maniere-dune-boite-de-crayons-de-couleur\\\/99769\\\/\"]}]},{\"@type\":\"ImageObject\",\"inLanguage\":\"fr-FR\",\"@id\":\"https:\\\/\\\/batijournal.com\\\/index.php\\\/une-facade-decole-a-la-maniere-dune-boite-de-crayons-de-couleur\\\/99769\\\/#primaryimage\",\"url\":\"https:\\\/\\\/batijournal.com\\\/wp-content\\\/uploads\\\/2018\\\/07\\\/Chantier_Wienerberger_Ecole_Simone_Veille.jpg\",\"contentUrl\":\"https:\\\/\\\/batijournal.com\\\/wp-content\\\/uploads\\\/2018\\\/07\\\/Chantier_Wienerberger_Ecole_Simone_Veille.jpg\",\"width\":1200,\"height\":800,\"caption\":\"nouvelle ecole simone veil villiers sur marne\"},{\"@type\":\"BreadcrumbList\",\"@id\":\"https:\\\/\\\/batijournal.com\\\/index.php\\\/une-facade-decole-a-la-maniere-dune-boite-de-crayons-de-couleur\\\/99769\\\/#breadcrumb\",\"itemListElement\":[{\"@type\":\"ListItem\",\"position\":1,\"name\":\"Accueil\",\"item\":\"https:\\\/\\\/batijournal.com\\\/\"},{\"@type\":\"ListItem\",\"position\":2,\"name\":\"Actualit\u00e9s\",\"item\":\"https:\\\/\\\/batijournal.com\\\/index.php\\\/category\\\/actualites\\\/\"},{\"@type\":\"ListItem\",\"position\":3,\"name\":\"Une fa\u00e7ade d&rsquo;\u00e9cole \u00e0 la mani\u00e8re d\u2019une bo\u00eete de crayons de couleur\"}]},{\"@type\":\"WebSite\",\"@id\":\"https:\\\/\\\/batijournal.com\\\/#website\",\"url\":\"https:\\\/\\\/batijournal.com\\\/\",\"name\":\"Batijournal\",\"description\":\"L&#039;actualit\u00e9 du b\u00e2timent\",\"potentialAction\":[{\"@type\":\"SearchAction\",\"target\":{\"@type\":\"EntryPoint\",\"urlTemplate\":\"https:\\\/\\\/batijournal.com\\\/?s={search_term_string}\"},\"query-input\":{\"@type\":\"PropertyValueSpecification\",\"valueRequired\":true,\"valueName\":\"search_term_string\"}}],\"inLanguage\":\"fr-FR\"},{\"@type\":\"Person\",\"@id\":\"https:\\\/\\\/batijournal.com\\\/#\\\/schema\\\/person\\\/1dc96ec6957aa1ccb25ebe78bb19f100\",\"name\":\"St\u00e9phane Miget\",\"image\":{\"@type\":\"ImageObject\",\"inLanguage\":\"fr-FR\",\"@id\":\"https:\\\/\\\/secure.gravatar.com\\\/avatar\\\/89915563d925342126b8ef0281b93d9d7fc337043e8df017f780908eb9644451?s=96&d=mm&r=g\",\"url\":\"https:\\\/\\\/secure.gravatar.com\\\/avatar\\\/89915563d925342126b8ef0281b93d9d7fc337043e8df017f780908eb9644451?s=96&d=mm&r=g\",\"contentUrl\":\"https:\\\/\\\/secure.gravatar.com\\\/avatar\\\/89915563d925342126b8ef0281b93d9d7fc337043e8df017f780908eb9644451?s=96&d=mm&r=g\",\"caption\":\"St\u00e9phane Miget\"},\"url\":\"https:\\\/\\\/batijournal.com\\\/index.php\\\/author\\\/stephane\\\/\"}]}<\/script>\n<!-- \/ Yoast SEO plugin. -->","yoast_head_json":{"title":"Ecole Simone Veil : une fa\u00e7ade color\u00e9e aux aspects de bo\u00eete \u00e0 crayons","description":"Une fa\u00e7ade color\u00e9e pour l'\u00e9cole Simone Veil, Villiers-sur-Marne. Un bardage aux aspects de bo\u00eete \u00e0 crayons de couleur \u00e0 d\u00e9couvrir !","robots":{"index":"index","follow":"follow","max-snippet":"max-snippet:-1","max-image-preview":"max-image-preview:large","max-video-preview":"max-video-preview:-1"},"canonical":"https:\/\/batijournal.com\/index.php\/une-facade-decole-a-la-maniere-dune-boite-de-crayons-de-couleur\/99769\/","og_locale":"fr_FR","og_type":"article","og_title":"Ecole Simone Veil : une fa\u00e7ade color\u00e9e aux aspects de bo\u00eete \u00e0 crayons","og_description":"Une fa\u00e7ade color\u00e9e pour l'\u00e9cole Simone Veil, Villiers-sur-Marne. Un bardage aux aspects de bo\u00eete \u00e0 crayons de couleur \u00e0 d\u00e9couvrir !","og_url":"https:\/\/batijournal.com\/index.php\/une-facade-decole-a-la-maniere-dune-boite-de-crayons-de-couleur\/99769\/","og_site_name":"Batijournal","article_published_time":"2018-07-19T06:32:33+00:00","article_modified_time":"2019-07-15T09:26:52+00:00","og_image":[{"width":1200,"height":800,"url":"https:\/\/batijournal.com\/wp-content\/uploads\/2018\/07\/Chantier_Wienerberger_Ecole_Simone_Veille.jpg","type":"image\/jpeg"}],"author":"St\u00e9phane Miget","twitter_card":"summary_large_image","twitter_creator":"@bati_journal","twitter_site":"@bati_journal","twitter_misc":{"\u00c9crit par":"St\u00e9phane Miget","Dur\u00e9e de lecture estim\u00e9e":"1 minute"},"schema":{"@context":"https:\/\/schema.org","@graph":[{"@type":"Article","@id":"https:\/\/batijournal.com\/index.php\/une-facade-decole-a-la-maniere-dune-boite-de-crayons-de-couleur\/99769\/#article","isPartOf":{"@id":"https:\/\/batijournal.com\/index.php\/une-facade-decole-a-la-maniere-dune-boite-de-crayons-de-couleur\/99769\/"},"author":{"name":"St\u00e9phane Miget","@id":"https:\/\/batijournal.com\/#\/schema\/person\/1dc96ec6957aa1ccb25ebe78bb19f100"},"headline":"Une fa\u00e7ade d&rsquo;\u00e9cole \u00e0 la mani\u00e8re d\u2019une bo\u00eete de crayons de couleur","datePublished":"2018-07-19T06:32:33+00:00","dateModified":"2019-07-15T09:26:52+00:00","mainEntityOfPage":{"@id":"https:\/\/batijournal.com\/index.php\/une-facade-decole-a-la-maniere-dune-boite-de-crayons-de-couleur\/99769\/"},"wordCount":290,"image":{"@id":"https:\/\/batijournal.com\/index.php\/une-facade-decole-a-la-maniere-dune-boite-de-crayons-de-couleur\/99769\/#primaryimage"},"thumbnailUrl":"https:\/\/batijournal.com\/wp-content\/uploads\/2018\/07\/Chantier_Wienerberger_Ecole_Simone_Veille.jpg","articleSection":["Actualit\u00e9s","Architecture &amp; Conception","zz_5fa\u00e7ades","zz_Actualit\u00e9s - 5fa\u00e7ades"],"inLanguage":"fr-FR"},{"@type":"WebPage","@id":"https:\/\/batijournal.com\/index.php\/une-facade-decole-a-la-maniere-dune-boite-de-crayons-de-couleur\/99769\/","url":"https:\/\/batijournal.com\/index.php\/une-facade-decole-a-la-maniere-dune-boite-de-crayons-de-couleur\/99769\/","name":"Ecole Simone Veil : une fa\u00e7ade color\u00e9e aux aspects de bo\u00eete \u00e0 crayons","isPartOf":{"@id":"https:\/\/batijournal.com\/#website"},"primaryImageOfPage":{"@id":"https:\/\/batijournal.com\/index.php\/une-facade-decole-a-la-maniere-dune-boite-de-crayons-de-couleur\/99769\/#primaryimage"},"image":{"@id":"https:\/\/batijournal.com\/index.php\/une-facade-decole-a-la-maniere-dune-boite-de-crayons-de-couleur\/99769\/#primaryimage"},"thumbnailUrl":"https:\/\/batijournal.com\/wp-content\/uploads\/2018\/07\/Chantier_Wienerberger_Ecole_Simone_Veille.jpg","datePublished":"2018-07-19T06:32:33+00:00","dateModified":"2019-07-15T09:26:52+00:00","author":{"@id":"https:\/\/batijournal.com\/#\/schema\/person\/1dc96ec6957aa1ccb25ebe78bb19f100"},"description":"Une fa\u00e7ade color\u00e9e pour l'\u00e9cole Simone Veil, Villiers-sur-Marne. Un bardage aux aspects de bo\u00eete \u00e0 crayons de couleur \u00e0 d\u00e9couvrir !","breadcrumb":{"@id":"https:\/\/batijournal.com\/index.php\/une-facade-decole-a-la-maniere-dune-boite-de-crayons-de-couleur\/99769\/#breadcrumb"},"inLanguage":"fr-FR","potentialAction":[{"@type":"ReadAction","target":["https:\/\/batijournal.com\/index.php\/une-facade-decole-a-la-maniere-dune-boite-de-crayons-de-couleur\/99769\/"]}]},{"@type":"ImageObject","inLanguage":"fr-FR","@id":"https:\/\/batijournal.com\/index.php\/une-facade-decole-a-la-maniere-dune-boite-de-crayons-de-couleur\/99769\/#primaryimage","url":"https:\/\/batijournal.com\/wp-content\/uploads\/2018\/07\/Chantier_Wienerberger_Ecole_Simone_Veille.jpg","contentUrl":"https:\/\/batijournal.com\/wp-content\/uploads\/2018\/07\/Chantier_Wienerberger_Ecole_Simone_Veille.jpg","width":1200,"height":800,"caption":"nouvelle ecole simone veil villiers sur marne"},{"@type":"BreadcrumbList","@id":"https:\/\/batijournal.com\/index.php\/une-facade-decole-a-la-maniere-dune-boite-de-crayons-de-couleur\/99769\/#breadcrumb","itemListElement":[{"@type":"ListItem","position":1,"name":"Accueil","item":"https:\/\/batijournal.com\/"},{"@type":"ListItem","position":2,"name":"Actualit\u00e9s","item":"https:\/\/batijournal.com\/index.php\/category\/actualites\/"},{"@type":"ListItem","position":3,"name":"Une fa\u00e7ade d&rsquo;\u00e9cole \u00e0 la mani\u00e8re d\u2019une bo\u00eete de crayons de couleur"}]},{"@type":"WebSite","@id":"https:\/\/batijournal.com\/#website","url":"https:\/\/batijournal.com\/","name":"Batijournal","description":"L&#039;actualit\u00e9 du b\u00e2timent","potentialAction":[{"@type":"SearchAction","target":{"@type":"EntryPoint","urlTemplate":"https:\/\/batijournal.com\/?s={search_term_string}"},"query-input":{"@type":"PropertyValueSpecification","valueRequired":true,"valueName":"search_term_string"}}],"inLanguage":"fr-FR"},{"@type":"Person","@id":"https:\/\/batijournal.com\/#\/schema\/person\/1dc96ec6957aa1ccb25ebe78bb19f100","name":"St\u00e9phane Miget","image":{"@type":"ImageObject","inLanguage":"fr-FR","@id":"https:\/\/secure.gravatar.com\/avatar\/89915563d925342126b8ef0281b93d9d7fc337043e8df017f780908eb9644451?s=96&d=mm&r=g","url":"https:\/\/secure.gravatar.com\/avatar\/89915563d925342126b8ef0281b93d9d7fc337043e8df017f780908eb9644451?s=96&d=mm&r=g","contentUrl":"https:\/\/secure.gravatar.com\/avatar\/89915563d925342126b8ef0281b93d9d7fc337043e8df017f780908eb9644451?s=96&d=mm&r=g","caption":"St\u00e9phane Miget"},"url":"https:\/\/batijournal.com\/index.php\/author\/stephane\/"}]}},"_links":{"self":[{"href":"https:\/\/batijournal.com\/index.php\/wp-json\/wp\/v2\/posts\/99769","targetHints":{"allow":["GET"]}}],"collection":[{"href":"https:\/\/batijournal.com\/index.php\/wp-json\/wp\/v2\/posts"}],"about":[{"href":"https:\/\/batijournal.com\/index.php\/wp-json\/wp\/v2\/types\/post"}],"author":[{"embeddable":true,"href":"https:\/\/batijournal.com\/index.php\/wp-json\/wp\/v2\/users\/17"}],"replies":[{"embeddable":true,"href":"https:\/\/batijournal.com\/index.php\/wp-json\/wp\/v2\/comments?post=99769"}],"version-history":[{"count":0,"href":"https:\/\/batijournal.com\/index.php\/wp-json\/wp\/v2\/posts\/99769\/revisions"}],"wp:featuredmedia":[{"embeddable":true,"href":"https:\/\/batijournal.com\/index.php\/wp-json\/wp\/v2\/media\/99770"}],"wp:attachment":[{"href":"https:\/\/batijournal.com\/index.php\/wp-json\/wp\/v2\/media?parent=99769"}],"wp:term":[{"taxonomy":"category","embeddable":true,"href":"https:\/\/batijournal.com\/index.php\/wp-json\/wp\/v2\/categories?post=99769"},{"taxonomy":"post_tag","embeddable":true,"href":"https:\/\/batijournal.com\/index.php\/wp-json\/wp\/v2\/tags?post=99769"}],"curies":[{"name":"wp","href":"https:\/\/api.w.org\/{rel}","templated":true}]}}