{"id":99776,"date":"2018-07-19T19:34:41","date_gmt":"2018-07-19T17:34:41","guid":{"rendered":"https:\/\/batijournal.com\/?p=99776"},"modified":"2019-07-15T12:03:43","modified_gmt":"2019-07-15T10:03:43","slug":"capeb-tva-reduite-dans-le-batiment","status":"publish","type":"post","link":"https:\/\/batijournal.com\/index.php\/capeb-tva-reduite-dans-le-batiment\/99776\/","title":{"rendered":"La CAPEB craintive face \u00e0 la baisse da la TVA dans le b\u00e2timent"},"content":{"rendered":"<p><strong>Crainte de la Conf\u00e9d\u00e9ration de l&rsquo;artisanat et des petites entreprises du b\u00e2timent (CAPEB) sur la r\u00e9duction de la TVA dans le b\u00e2timent.<\/strong><\/p>\n<p>Au cours de la s\u00e9ance des questions d\u2019actualit\u00e9 au Gouvernement qui a eu lieu ce jeudi 19 juillet 2018 au S\u00e9nat, Delphine G\u00e9ny-Stephann, la secr\u00e9taire d\u2019Etat aupr\u00e8s du ministre de l\u2019Economie et des Finances a \u00e9t\u00e9 interpel\u00e9e par la S\u00e9natrice du Jura, Sylvie Vermeillet (groupe union centriste) sur l\u2019\u00e9ventuelle remise en cause des taux de TVA r\u00e9duits pour le b\u00e2timent. En l\u2019absence du ministre Bruno Le Maire, la secr\u00e9taire d\u2019Etat a apport\u00e9 une r\u00e9ponse trop floue pour rassurer et suffisamment ambigu\u00eb pour inqui\u00e9ter le secteur. Patrick Li\u00e9bus, pr\u00e9sident de la CAPEB a imm\u00e9diatement r\u00e9agit en d\u00e9clarant : \u00ab L\u2019ensemble du secteur attend une r\u00e9ponse claire et des garanties officielles de la part du Gouvernement afin que le feuilleton TVA n\u2019accapare pas toutes les \u00e9nergies jusqu\u2019au vote d\u00e9finitif de la loi de finances pour 2019. Pour ma part, je reste \u00e9tonn\u00e9 que la parole d\u2019un ministre, et non des moindres, ne soit pas mieux relay\u00e9e dans l\u2019enceinte de la repr\u00e9sentation nationale. \u00bb<\/p>\n","protected":false},"excerpt":{"rendered":"<p>Crainte de la Conf\u00e9d\u00e9ration de l&rsquo;artisanat et des petites entreprises du b\u00e2timent (CAPEB) sur la r\u00e9duction de la TVA dans le b\u00e2timent. Au cours de la s\u00e9ance des questions d\u2019actualit\u00e9 au Gouvernement qui a eu lieu ce jeudi 19 juillet 2018 au S\u00e9nat, Delphine G\u00e9ny-Stephann, la secr\u00e9taire d\u2019Etat aupr\u00e8s du ministre de l\u2019Economie et des [&hellip;]<\/p>\n","protected":false},"author":17,"featured_media":90824,"comment_status":"closed","ping_status":"closed","sticky":false,"template":"","format":"standard","meta":{"_et_pb_use_builder":"","_et_pb_old_content":"","_et_gb_content_width":"","footnotes":""},"categories":[10530,6345],"tags":[1693],"class_list":["post-99776","post","type-post","status-publish","format-standard","has-post-thumbnail","hentry","category-actualites","category-economie-marches","tag-tva"],"yoast_head":"<!-- This site is optimized with the Yoast SEO plugin v27.4 - https:\/\/yoast.com\/product\/yoast-seo-wordpress\/ -->\n<title>La CAPEB craintive face \u00e0 la baisse da la TVA dans le b\u00e2timent<\/title>\n<meta name=\"description\" content=\"Crainte de la Conf\u00e9d\u00e9ration de l&#039;artisanat et des petites entreprises du b\u00e2timent (CAPEB) sur la r\u00e9duction de la TVA dans le b\u00e2timent.\" \/>\n<meta name=\"robots\" content=\"index, follow, max-snippet:-1, max-image-preview:large, max-video-preview:-1\" \/>\n<link rel=\"canonical\" href=\"https:\/\/batijournal.com\/index.php\/capeb-tva-reduite-dans-le-batiment\/99776\/\" \/>\n<meta property=\"og:locale\" content=\"fr_FR\" \/>\n<meta property=\"og:type\" content=\"article\" \/>\n<meta property=\"og:title\" content=\"La CAPEB craintive face \u00e0 la baisse da la TVA dans le b\u00e2timent\" \/>\n<meta property=\"og:description\" content=\"Crainte de la Conf\u00e9d\u00e9ration de l&#039;artisanat et des petites entreprises du b\u00e2timent (CAPEB) sur la r\u00e9duction de la TVA dans le b\u00e2timent.\" \/>\n<meta property=\"og:url\" content=\"https:\/\/batijournal.com\/index.php\/capeb-tva-reduite-dans-le-batiment\/99776\/\" \/>\n<meta property=\"og:site_name\" content=\"Batijournal\" \/>\n<meta property=\"article:published_time\" content=\"2018-07-19T17:34:41+00:00\" \/>\n<meta property=\"article:modified_time\" content=\"2019-07-15T10:03:43+00:00\" \/>\n<meta property=\"og:image\" content=\"https:\/\/batijournal.com\/wp-content\/uploads\/2015\/12\/tva-2.jpg\" \/>\n\t<meta property=\"og:image:width\" content=\"1100\" \/>\n\t<meta property=\"og:image:height\" content=\"660\" \/>\n\t<meta property=\"og:image:type\" content=\"image\/jpeg\" \/>\n<meta name=\"author\" content=\"St\u00e9phane Miget\" \/>\n<meta name=\"twitter:card\" content=\"summary_large_image\" \/>\n<meta name=\"twitter:creator\" content=\"@bati_journal\" \/>\n<meta name=\"twitter:site\" content=\"@bati_journal\" \/>\n<meta name=\"twitter:label1\" content=\"\u00c9crit par\" \/>\n\t<meta name=\"twitter:data1\" content=\"St\u00e9phane Miget\" \/>\n\t<meta name=\"twitter:label2\" content=\"Dur\u00e9e de lecture estim\u00e9e\" \/>\n\t<meta name=\"twitter:data2\" content=\"1 minute\" \/>\n<script type=\"application\/ld+json\" class=\"yoast-schema-graph\">{\"@context\":\"https:\\\/\\\/schema.org\",\"@graph\":[{\"@type\":\"Article\",\"@id\":\"https:\\\/\\\/batijournal.com\\\/index.php\\\/capeb-tva-reduite-dans-le-batiment\\\/99776\\\/#article\",\"isPartOf\":{\"@id\":\"https:\\\/\\\/batijournal.com\\\/index.php\\\/capeb-tva-reduite-dans-le-batiment\\\/99776\\\/\"},\"author\":{\"name\":\"St\u00e9phane Miget\",\"@id\":\"https:\\\/\\\/batijournal.com\\\/#\\\/schema\\\/person\\\/1dc96ec6957aa1ccb25ebe78bb19f100\"},\"headline\":\"La CAPEB craintive face \u00e0 la baisse da la TVA dans le b\u00e2timent\",\"datePublished\":\"2018-07-19T17:34:41+00:00\",\"dateModified\":\"2019-07-15T10:03:43+00:00\",\"mainEntityOfPage\":{\"@id\":\"https:\\\/\\\/batijournal.com\\\/index.php\\\/capeb-tva-reduite-dans-le-batiment\\\/99776\\\/\"},\"wordCount\":228,\"image\":{\"@id\":\"https:\\\/\\\/batijournal.com\\\/index.php\\\/capeb-tva-reduite-dans-le-batiment\\\/99776\\\/#primaryimage\"},\"thumbnailUrl\":\"https:\\\/\\\/batijournal.com\\\/wp-content\\\/uploads\\\/2015\\\/12\\\/tva-2.jpg\",\"keywords\":[\"tva\"],\"articleSection\":[\"Actualit\u00e9s\",\"\u00c9conomie &amp; March\u00e9s\"],\"inLanguage\":\"fr-FR\"},{\"@type\":\"WebPage\",\"@id\":\"https:\\\/\\\/batijournal.com\\\/index.php\\\/capeb-tva-reduite-dans-le-batiment\\\/99776\\\/\",\"url\":\"https:\\\/\\\/batijournal.com\\\/index.php\\\/capeb-tva-reduite-dans-le-batiment\\\/99776\\\/\",\"name\":\"La CAPEB craintive face \u00e0 la baisse da la TVA dans le b\u00e2timent\",\"isPartOf\":{\"@id\":\"https:\\\/\\\/batijournal.com\\\/#website\"},\"primaryImageOfPage\":{\"@id\":\"https:\\\/\\\/batijournal.com\\\/index.php\\\/capeb-tva-reduite-dans-le-batiment\\\/99776\\\/#primaryimage\"},\"image\":{\"@id\":\"https:\\\/\\\/batijournal.com\\\/index.php\\\/capeb-tva-reduite-dans-le-batiment\\\/99776\\\/#primaryimage\"},\"thumbnailUrl\":\"https:\\\/\\\/batijournal.com\\\/wp-content\\\/uploads\\\/2015\\\/12\\\/tva-2.jpg\",\"datePublished\":\"2018-07-19T17:34:41+00:00\",\"dateModified\":\"2019-07-15T10:03:43+00:00\",\"author\":{\"@id\":\"https:\\\/\\\/batijournal.com\\\/#\\\/schema\\\/person\\\/1dc96ec6957aa1ccb25ebe78bb19f100\"},\"description\":\"Crainte de la Conf\u00e9d\u00e9ration de l'artisanat et des petites entreprises du b\u00e2timent (CAPEB) sur la r\u00e9duction de la TVA dans le b\u00e2timent.\",\"breadcrumb\":{\"@id\":\"https:\\\/\\\/batijournal.com\\\/index.php\\\/capeb-tva-reduite-dans-le-batiment\\\/99776\\\/#breadcrumb\"},\"inLanguage\":\"fr-FR\",\"potentialAction\":[{\"@type\":\"ReadAction\",\"target\":[\"https:\\\/\\\/batijournal.com\\\/index.php\\\/capeb-tva-reduite-dans-le-batiment\\\/99776\\\/\"]}]},{\"@type\":\"ImageObject\",\"inLanguage\":\"fr-FR\",\"@id\":\"https:\\\/\\\/batijournal.com\\\/index.php\\\/capeb-tva-reduite-dans-le-batiment\\\/99776\\\/#primaryimage\",\"url\":\"https:\\\/\\\/batijournal.com\\\/wp-content\\\/uploads\\\/2015\\\/12\\\/tva-2.jpg\",\"contentUrl\":\"https:\\\/\\\/batijournal.com\\\/wp-content\\\/uploads\\\/2015\\\/12\\\/tva-2.jpg\",\"width\":1100,\"height\":660,\"caption\":\"taux reduits tva et capeb\"},{\"@type\":\"BreadcrumbList\",\"@id\":\"https:\\\/\\\/batijournal.com\\\/index.php\\\/capeb-tva-reduite-dans-le-batiment\\\/99776\\\/#breadcrumb\",\"itemListElement\":[{\"@type\":\"ListItem\",\"position\":1,\"name\":\"Accueil\",\"item\":\"https:\\\/\\\/batijournal.com\\\/\"},{\"@type\":\"ListItem\",\"position\":2,\"name\":\"Actualit\u00e9s\",\"item\":\"https:\\\/\\\/batijournal.com\\\/index.php\\\/category\\\/actualites\\\/\"},{\"@type\":\"ListItem\",\"position\":3,\"name\":\"La CAPEB craintive face \u00e0 la baisse da la TVA dans le b\u00e2timent\"}]},{\"@type\":\"WebSite\",\"@id\":\"https:\\\/\\\/batijournal.com\\\/#website\",\"url\":\"https:\\\/\\\/batijournal.com\\\/\",\"name\":\"Batijournal\",\"description\":\"L&#039;actualit\u00e9 du b\u00e2timent\",\"potentialAction\":[{\"@type\":\"SearchAction\",\"target\":{\"@type\":\"EntryPoint\",\"urlTemplate\":\"https:\\\/\\\/batijournal.com\\\/?s={search_term_string}\"},\"query-input\":{\"@type\":\"PropertyValueSpecification\",\"valueRequired\":true,\"valueName\":\"search_term_string\"}}],\"inLanguage\":\"fr-FR\"},{\"@type\":\"Person\",\"@id\":\"https:\\\/\\\/batijournal.com\\\/#\\\/schema\\\/person\\\/1dc96ec6957aa1ccb25ebe78bb19f100\",\"name\":\"St\u00e9phane Miget\",\"image\":{\"@type\":\"ImageObject\",\"inLanguage\":\"fr-FR\",\"@id\":\"https:\\\/\\\/secure.gravatar.com\\\/avatar\\\/89915563d925342126b8ef0281b93d9d7fc337043e8df017f780908eb9644451?s=96&d=mm&r=g\",\"url\":\"https:\\\/\\\/secure.gravatar.com\\\/avatar\\\/89915563d925342126b8ef0281b93d9d7fc337043e8df017f780908eb9644451?s=96&d=mm&r=g\",\"contentUrl\":\"https:\\\/\\\/secure.gravatar.com\\\/avatar\\\/89915563d925342126b8ef0281b93d9d7fc337043e8df017f780908eb9644451?s=96&d=mm&r=g\",\"caption\":\"St\u00e9phane Miget\"},\"url\":\"https:\\\/\\\/batijournal.com\\\/index.php\\\/author\\\/stephane\\\/\"}]}<\/script>\n<!-- \/ Yoast SEO plugin. -->","yoast_head_json":{"title":"La CAPEB craintive face \u00e0 la baisse da la TVA dans le b\u00e2timent","description":"Crainte de la Conf\u00e9d\u00e9ration de l'artisanat et des petites entreprises du b\u00e2timent (CAPEB) sur la r\u00e9duction de la TVA dans le b\u00e2timent.","robots":{"index":"index","follow":"follow","max-snippet":"max-snippet:-1","max-image-preview":"max-image-preview:large","max-video-preview":"max-video-preview:-1"},"canonical":"https:\/\/batijournal.com\/index.php\/capeb-tva-reduite-dans-le-batiment\/99776\/","og_locale":"fr_FR","og_type":"article","og_title":"La CAPEB craintive face \u00e0 la baisse da la TVA dans le b\u00e2timent","og_description":"Crainte de la Conf\u00e9d\u00e9ration de l'artisanat et des petites entreprises du b\u00e2timent (CAPEB) sur la r\u00e9duction de la TVA dans le b\u00e2timent.","og_url":"https:\/\/batijournal.com\/index.php\/capeb-tva-reduite-dans-le-batiment\/99776\/","og_site_name":"Batijournal","article_published_time":"2018-07-19T17:34:41+00:00","article_modified_time":"2019-07-15T10:03:43+00:00","og_image":[{"width":1100,"height":660,"url":"https:\/\/batijournal.com\/wp-content\/uploads\/2015\/12\/tva-2.jpg","type":"image\/jpeg"}],"author":"St\u00e9phane Miget","twitter_card":"summary_large_image","twitter_creator":"@bati_journal","twitter_site":"@bati_journal","twitter_misc":{"\u00c9crit par":"St\u00e9phane Miget","Dur\u00e9e de lecture estim\u00e9e":"1 minute"},"schema":{"@context":"https:\/\/schema.org","@graph":[{"@type":"Article","@id":"https:\/\/batijournal.com\/index.php\/capeb-tva-reduite-dans-le-batiment\/99776\/#article","isPartOf":{"@id":"https:\/\/batijournal.com\/index.php\/capeb-tva-reduite-dans-le-batiment\/99776\/"},"author":{"name":"St\u00e9phane Miget","@id":"https:\/\/batijournal.com\/#\/schema\/person\/1dc96ec6957aa1ccb25ebe78bb19f100"},"headline":"La CAPEB craintive face \u00e0 la baisse da la TVA dans le b\u00e2timent","datePublished":"2018-07-19T17:34:41+00:00","dateModified":"2019-07-15T10:03:43+00:00","mainEntityOfPage":{"@id":"https:\/\/batijournal.com\/index.php\/capeb-tva-reduite-dans-le-batiment\/99776\/"},"wordCount":228,"image":{"@id":"https:\/\/batijournal.com\/index.php\/capeb-tva-reduite-dans-le-batiment\/99776\/#primaryimage"},"thumbnailUrl":"https:\/\/batijournal.com\/wp-content\/uploads\/2015\/12\/tva-2.jpg","keywords":["tva"],"articleSection":["Actualit\u00e9s","\u00c9conomie &amp; March\u00e9s"],"inLanguage":"fr-FR"},{"@type":"WebPage","@id":"https:\/\/batijournal.com\/index.php\/capeb-tva-reduite-dans-le-batiment\/99776\/","url":"https:\/\/batijournal.com\/index.php\/capeb-tva-reduite-dans-le-batiment\/99776\/","name":"La CAPEB craintive face \u00e0 la baisse da la TVA dans le b\u00e2timent","isPartOf":{"@id":"https:\/\/batijournal.com\/#website"},"primaryImageOfPage":{"@id":"https:\/\/batijournal.com\/index.php\/capeb-tva-reduite-dans-le-batiment\/99776\/#primaryimage"},"image":{"@id":"https:\/\/batijournal.com\/index.php\/capeb-tva-reduite-dans-le-batiment\/99776\/#primaryimage"},"thumbnailUrl":"https:\/\/batijournal.com\/wp-content\/uploads\/2015\/12\/tva-2.jpg","datePublished":"2018-07-19T17:34:41+00:00","dateModified":"2019-07-15T10:03:43+00:00","author":{"@id":"https:\/\/batijournal.com\/#\/schema\/person\/1dc96ec6957aa1ccb25ebe78bb19f100"},"description":"Crainte de la Conf\u00e9d\u00e9ration de l'artisanat et des petites entreprises du b\u00e2timent (CAPEB) sur la r\u00e9duction de la TVA dans le b\u00e2timent.","breadcrumb":{"@id":"https:\/\/batijournal.com\/index.php\/capeb-tva-reduite-dans-le-batiment\/99776\/#breadcrumb"},"inLanguage":"fr-FR","potentialAction":[{"@type":"ReadAction","target":["https:\/\/batijournal.com\/index.php\/capeb-tva-reduite-dans-le-batiment\/99776\/"]}]},{"@type":"ImageObject","inLanguage":"fr-FR","@id":"https:\/\/batijournal.com\/index.php\/capeb-tva-reduite-dans-le-batiment\/99776\/#primaryimage","url":"https:\/\/batijournal.com\/wp-content\/uploads\/2015\/12\/tva-2.jpg","contentUrl":"https:\/\/batijournal.com\/wp-content\/uploads\/2015\/12\/tva-2.jpg","width":1100,"height":660,"caption":"taux reduits tva et capeb"},{"@type":"BreadcrumbList","@id":"https:\/\/batijournal.com\/index.php\/capeb-tva-reduite-dans-le-batiment\/99776\/#breadcrumb","itemListElement":[{"@type":"ListItem","position":1,"name":"Accueil","item":"https:\/\/batijournal.com\/"},{"@type":"ListItem","position":2,"name":"Actualit\u00e9s","item":"https:\/\/batijournal.com\/index.php\/category\/actualites\/"},{"@type":"ListItem","position":3,"name":"La CAPEB craintive face \u00e0 la baisse da la TVA dans le b\u00e2timent"}]},{"@type":"WebSite","@id":"https:\/\/batijournal.com\/#website","url":"https:\/\/batijournal.com\/","name":"Batijournal","description":"L&#039;actualit\u00e9 du b\u00e2timent","potentialAction":[{"@type":"SearchAction","target":{"@type":"EntryPoint","urlTemplate":"https:\/\/batijournal.com\/?s={search_term_string}"},"query-input":{"@type":"PropertyValueSpecification","valueRequired":true,"valueName":"search_term_string"}}],"inLanguage":"fr-FR"},{"@type":"Person","@id":"https:\/\/batijournal.com\/#\/schema\/person\/1dc96ec6957aa1ccb25ebe78bb19f100","name":"St\u00e9phane Miget","image":{"@type":"ImageObject","inLanguage":"fr-FR","@id":"https:\/\/secure.gravatar.com\/avatar\/89915563d925342126b8ef0281b93d9d7fc337043e8df017f780908eb9644451?s=96&d=mm&r=g","url":"https:\/\/secure.gravatar.com\/avatar\/89915563d925342126b8ef0281b93d9d7fc337043e8df017f780908eb9644451?s=96&d=mm&r=g","contentUrl":"https:\/\/secure.gravatar.com\/avatar\/89915563d925342126b8ef0281b93d9d7fc337043e8df017f780908eb9644451?s=96&d=mm&r=g","caption":"St\u00e9phane Miget"},"url":"https:\/\/batijournal.com\/index.php\/author\/stephane\/"}]}},"_links":{"self":[{"href":"https:\/\/batijournal.com\/index.php\/wp-json\/wp\/v2\/posts\/99776","targetHints":{"allow":["GET"]}}],"collection":[{"href":"https:\/\/batijournal.com\/index.php\/wp-json\/wp\/v2\/posts"}],"about":[{"href":"https:\/\/batijournal.com\/index.php\/wp-json\/wp\/v2\/types\/post"}],"author":[{"embeddable":true,"href":"https:\/\/batijournal.com\/index.php\/wp-json\/wp\/v2\/users\/17"}],"replies":[{"embeddable":true,"href":"https:\/\/batijournal.com\/index.php\/wp-json\/wp\/v2\/comments?post=99776"}],"version-history":[{"count":0,"href":"https:\/\/batijournal.com\/index.php\/wp-json\/wp\/v2\/posts\/99776\/revisions"}],"wp:featuredmedia":[{"embeddable":true,"href":"https:\/\/batijournal.com\/index.php\/wp-json\/wp\/v2\/media\/90824"}],"wp:attachment":[{"href":"https:\/\/batijournal.com\/index.php\/wp-json\/wp\/v2\/media?parent=99776"}],"wp:term":[{"taxonomy":"category","embeddable":true,"href":"https:\/\/batijournal.com\/index.php\/wp-json\/wp\/v2\/categories?post=99776"},{"taxonomy":"post_tag","embeddable":true,"href":"https:\/\/batijournal.com\/index.php\/wp-json\/wp\/v2\/tags?post=99776"}],"curies":[{"name":"wp","href":"https:\/\/api.w.org\/{rel}","templated":true}]}}