{"id":99888,"date":"2018-08-23T16:48:12","date_gmt":"2018-08-23T14:48:12","guid":{"rendered":"https:\/\/batijournal.com\/?p=99888"},"modified":"2018-08-30T12:51:22","modified_gmt":"2018-08-30T10:51:22","slug":"facade-bois-immeuble-starsbourg","status":"publish","type":"post","link":"https:\/\/batijournal.com\/index.php\/facade-bois-immeuble-starsbourg\/99888\/","title":{"rendered":"Une fa\u00e7ade bois fait \u00ab\u00a0Sensations\u00a0\u00bb \u00e0 Strasbourg"},"content":{"rendered":"<p>Culminant \u00e0 38 m de hauteur, avec sa tour de 11 \u00e9tages, le projet Sensations \u00e0 Strasbourg est une des premi\u00e8res r\u00e9f\u00e9rences europ\u00e9ennes des immeubles de grande hauteur en bois. La structure en CLT (Lignatec \u2013 KLH) a \u00e9t\u00e9 compl\u00e8tement pr\u00e9fabriqu\u00e9e. Sa fa\u00e7ade a fait l&rsquo;objet d&rsquo;une Atex, notamment quant \u00e0 la fixation des \u00e9l\u00e9ments par rapport aux contraintes en vigueur. L&rsquo;ensemble des ferrures du b\u00e2timent ont \u00e9t\u00e9 floqu\u00e9es pour r\u00e9pondre aux exigences de s\u00e9curit\u00e9 incendie. De m\u00eame, des mousses coupe-feu calfeutrent tous les passages \u00e9ventuels de la fum\u00e9e. Les 6 000 m2 de fa\u00e7ades ont \u00e9t\u00e9 envelopp\u00e9s par les pare-pluie de la gamme Delta Fassade de D\u0153rken, dot\u00e9s d&rsquo;un Avis Technique du CSTB. Pour l&rsquo;obtenir, le produit a pass\u00e9 plusieurs tests qui ont prouv\u00e9 sa r\u00e9sistance aux intemp\u00e9ries. La r\u00e9action au feu Euroclasse B (\u00e9quivalent M1) de la membrane a \u00e9t\u00e9 un autre argument d\u00e9cisif de ce choix.<\/p>\n","protected":false},"excerpt":{"rendered":"<p>Culminant \u00e0 38 m de hauteur, avec sa tour de 11 \u00e9tages, le projet Sensations \u00e0 Strasbourg est une des premi\u00e8res r\u00e9f\u00e9rences europ\u00e9ennes des immeubles de grande hauteur en bois. La structure en CLT (Lignatec \u2013 KLH) a \u00e9t\u00e9 compl\u00e8tement pr\u00e9fabriqu\u00e9e. Sa fa\u00e7ade a fait l&rsquo;objet d&rsquo;une Atex, notamment quant \u00e0 la fixation des \u00e9l\u00e9ments [&hellip;]<\/p>\n","protected":false},"author":1,"featured_media":99892,"comment_status":"closed","ping_status":"closed","sticky":false,"template":"","format":"standard","meta":{"_et_pb_use_builder":"","_et_pb_old_content":"","_et_gb_content_width":"","footnotes":""},"categories":[10530,10767,10764],"tags":[44,126,12437,7425,12436,12435],"class_list":["post-99888","post","type-post","status-publish","format-standard","has-post-thumbnail","hentry","category-actualites","category-produits-woodsurfer","category-woodsurfer","tag-bois","tag-facade","tag-facade-bois","tag-grande-hauteur","tag-immeuble-en-bois","tag-starsbourg"],"yoast_head":"<!-- This site is optimized with the Yoast SEO plugin v27.4 - https:\/\/yoast.com\/product\/yoast-seo-wordpress\/ -->\n<title>Une fa\u00e7ade bois fait \u00ab\u00a0Sensations\u00a0\u00bb \u00e0 Strasbourg - Batijournal<\/title>\n<meta name=\"description\" content=\"Une fa\u00e7ade bois qui prend de la hauteur avec son immeuble strasbourgeois 100 % bois culminant \u00e0 38 m\u00e8tres et d\u00e9sormais \u00e9quip\u00e9 de 6000 m\u00b2 de Delta-fassade.\" \/>\n<meta name=\"robots\" content=\"index, follow, max-snippet:-1, max-image-preview:large, max-video-preview:-1\" \/>\n<link rel=\"canonical\" href=\"https:\/\/batijournal.com\/index.php\/facade-bois-immeuble-starsbourg\/99888\/\" \/>\n<meta property=\"og:locale\" content=\"fr_FR\" \/>\n<meta property=\"og:type\" content=\"article\" \/>\n<meta property=\"og:title\" content=\"Une fa\u00e7ade bois fait \u00ab\u00a0Sensations\u00a0\u00bb \u00e0 Strasbourg - Batijournal\" \/>\n<meta property=\"og:description\" content=\"Une fa\u00e7ade bois qui prend de la hauteur avec son immeuble strasbourgeois 100 % bois culminant \u00e0 38 m\u00e8tres et d\u00e9sormais \u00e9quip\u00e9 de 6000 m\u00b2 de Delta-fassade.\" \/>\n<meta property=\"og:url\" content=\"https:\/\/batijournal.com\/index.php\/facade-bois-immeuble-starsbourg\/99888\/\" \/>\n<meta property=\"og:site_name\" content=\"Batijournal\" \/>\n<meta property=\"article:published_time\" content=\"2018-08-23T14:48:12+00:00\" \/>\n<meta property=\"article:modified_time\" content=\"2018-08-30T10:51:22+00:00\" \/>\n<meta property=\"og:image\" content=\"https:\/\/batijournal.com\/wp-content\/uploads\/2018\/08\/Sensations_DELTA_3.jpg\" \/>\n\t<meta property=\"og:image:width\" content=\"1000\" \/>\n\t<meta property=\"og:image:height\" content=\"669\" \/>\n\t<meta property=\"og:image:type\" content=\"image\/jpeg\" \/>\n<meta name=\"author\" content=\"Bati-journal\" \/>\n<meta name=\"twitter:card\" content=\"summary_large_image\" \/>\n<meta name=\"twitter:creator\" content=\"@bati_journal\" \/>\n<meta name=\"twitter:site\" content=\"@bati_journal\" \/>\n<meta name=\"twitter:label1\" content=\"\u00c9crit par\" \/>\n\t<meta name=\"twitter:data1\" content=\"Bati-journal\" \/>\n\t<meta name=\"twitter:label2\" content=\"Dur\u00e9e de lecture estim\u00e9e\" \/>\n\t<meta name=\"twitter:data2\" content=\"1 minute\" \/>\n<script type=\"application\/ld+json\" class=\"yoast-schema-graph\">{\"@context\":\"https:\\\/\\\/schema.org\",\"@graph\":[{\"@type\":\"Article\",\"@id\":\"https:\\\/\\\/batijournal.com\\\/index.php\\\/facade-bois-immeuble-starsbourg\\\/99888\\\/#article\",\"isPartOf\":{\"@id\":\"https:\\\/\\\/batijournal.com\\\/index.php\\\/facade-bois-immeuble-starsbourg\\\/99888\\\/\"},\"author\":{\"name\":\"Bati-journal\",\"@id\":\"https:\\\/\\\/batijournal.com\\\/#\\\/schema\\\/person\\\/6a657e8967569e1b299972574848aa76\"},\"headline\":\"Une fa\u00e7ade bois fait \u00ab\u00a0Sensations\u00a0\u00bb \u00e0 Strasbourg\",\"datePublished\":\"2018-08-23T14:48:12+00:00\",\"dateModified\":\"2018-08-30T10:51:22+00:00\",\"mainEntityOfPage\":{\"@id\":\"https:\\\/\\\/batijournal.com\\\/index.php\\\/facade-bois-immeuble-starsbourg\\\/99888\\\/\"},\"wordCount\":176,\"image\":{\"@id\":\"https:\\\/\\\/batijournal.com\\\/index.php\\\/facade-bois-immeuble-starsbourg\\\/99888\\\/#primaryimage\"},\"thumbnailUrl\":\"https:\\\/\\\/batijournal.com\\\/wp-content\\\/uploads\\\/2018\\\/08\\\/Sensations_DELTA_3.jpg\",\"keywords\":[\"bois\",\"fa\u00e7ade\",\"facade bois\",\"grande hauteur\",\"immeuble en bois\",\"starsbourg\"],\"articleSection\":[\"Actualit\u00e9s\",\"zz_Produits - Woodsurfer\",\"zz_Woodsurfer\"],\"inLanguage\":\"fr-FR\"},{\"@type\":\"WebPage\",\"@id\":\"https:\\\/\\\/batijournal.com\\\/index.php\\\/facade-bois-immeuble-starsbourg\\\/99888\\\/\",\"url\":\"https:\\\/\\\/batijournal.com\\\/index.php\\\/facade-bois-immeuble-starsbourg\\\/99888\\\/\",\"name\":\"Une fa\u00e7ade bois fait \u00ab\u00a0Sensations\u00a0\u00bb \u00e0 Strasbourg - Batijournal\",\"isPartOf\":{\"@id\":\"https:\\\/\\\/batijournal.com\\\/#website\"},\"primaryImageOfPage\":{\"@id\":\"https:\\\/\\\/batijournal.com\\\/index.php\\\/facade-bois-immeuble-starsbourg\\\/99888\\\/#primaryimage\"},\"image\":{\"@id\":\"https:\\\/\\\/batijournal.com\\\/index.php\\\/facade-bois-immeuble-starsbourg\\\/99888\\\/#primaryimage\"},\"thumbnailUrl\":\"https:\\\/\\\/batijournal.com\\\/wp-content\\\/uploads\\\/2018\\\/08\\\/Sensations_DELTA_3.jpg\",\"datePublished\":\"2018-08-23T14:48:12+00:00\",\"dateModified\":\"2018-08-30T10:51:22+00:00\",\"author\":{\"@id\":\"https:\\\/\\\/batijournal.com\\\/#\\\/schema\\\/person\\\/6a657e8967569e1b299972574848aa76\"},\"description\":\"Une fa\u00e7ade bois qui prend de la hauteur avec son immeuble strasbourgeois 100 % bois culminant \u00e0 38 m\u00e8tres et d\u00e9sormais \u00e9quip\u00e9 de 6000 m\u00b2 de Delta-fassade.\",\"breadcrumb\":{\"@id\":\"https:\\\/\\\/batijournal.com\\\/index.php\\\/facade-bois-immeuble-starsbourg\\\/99888\\\/#breadcrumb\"},\"inLanguage\":\"fr-FR\",\"potentialAction\":[{\"@type\":\"ReadAction\",\"target\":[\"https:\\\/\\\/batijournal.com\\\/index.php\\\/facade-bois-immeuble-starsbourg\\\/99888\\\/\"]}]},{\"@type\":\"ImageObject\",\"inLanguage\":\"fr-FR\",\"@id\":\"https:\\\/\\\/batijournal.com\\\/index.php\\\/facade-bois-immeuble-starsbourg\\\/99888\\\/#primaryimage\",\"url\":\"https:\\\/\\\/batijournal.com\\\/wp-content\\\/uploads\\\/2018\\\/08\\\/Sensations_DELTA_3.jpg\",\"contentUrl\":\"https:\\\/\\\/batijournal.com\\\/wp-content\\\/uploads\\\/2018\\\/08\\\/Sensations_DELTA_3.jpg\",\"width\":1000,\"height\":669,\"caption\":\"facade bois\"},{\"@type\":\"BreadcrumbList\",\"@id\":\"https:\\\/\\\/batijournal.com\\\/index.php\\\/facade-bois-immeuble-starsbourg\\\/99888\\\/#breadcrumb\",\"itemListElement\":[{\"@type\":\"ListItem\",\"position\":1,\"name\":\"Accueil\",\"item\":\"https:\\\/\\\/batijournal.com\\\/\"},{\"@type\":\"ListItem\",\"position\":2,\"name\":\"Actualit\u00e9s\",\"item\":\"https:\\\/\\\/batijournal.com\\\/index.php\\\/category\\\/actualites\\\/\"},{\"@type\":\"ListItem\",\"position\":3,\"name\":\"Une fa\u00e7ade bois fait \u00ab\u00a0Sensations\u00a0\u00bb \u00e0 Strasbourg\"}]},{\"@type\":\"WebSite\",\"@id\":\"https:\\\/\\\/batijournal.com\\\/#website\",\"url\":\"https:\\\/\\\/batijournal.com\\\/\",\"name\":\"Batijournal\",\"description\":\"L&#039;actualit\u00e9 du b\u00e2timent\",\"potentialAction\":[{\"@type\":\"SearchAction\",\"target\":{\"@type\":\"EntryPoint\",\"urlTemplate\":\"https:\\\/\\\/batijournal.com\\\/?s={search_term_string}\"},\"query-input\":{\"@type\":\"PropertyValueSpecification\",\"valueRequired\":true,\"valueName\":\"search_term_string\"}}],\"inLanguage\":\"fr-FR\"},{\"@type\":\"Person\",\"@id\":\"https:\\\/\\\/batijournal.com\\\/#\\\/schema\\\/person\\\/6a657e8967569e1b299972574848aa76\",\"name\":\"Bati-journal\",\"image\":{\"@type\":\"ImageObject\",\"inLanguage\":\"fr-FR\",\"@id\":\"https:\\\/\\\/secure.gravatar.com\\\/avatar\\\/a64364ea26392f9b4dd47e017ddaec74ff03aefc073b49e492e847201258f777?s=96&d=mm&r=g\",\"url\":\"https:\\\/\\\/secure.gravatar.com\\\/avatar\\\/a64364ea26392f9b4dd47e017ddaec74ff03aefc073b49e492e847201258f777?s=96&d=mm&r=g\",\"contentUrl\":\"https:\\\/\\\/secure.gravatar.com\\\/avatar\\\/a64364ea26392f9b4dd47e017ddaec74ff03aefc073b49e492e847201258f777?s=96&d=mm&r=g\",\"caption\":\"Bati-journal\"},\"url\":\"https:\\\/\\\/batijournal.com\\\/index.php\\\/author\\\/elodie\\\/\"}]}<\/script>\n<!-- \/ Yoast SEO plugin. -->","yoast_head_json":{"title":"Une fa\u00e7ade bois fait \u00ab\u00a0Sensations\u00a0\u00bb \u00e0 Strasbourg - Batijournal","description":"Une fa\u00e7ade bois qui prend de la hauteur avec son immeuble strasbourgeois 100 % bois culminant \u00e0 38 m\u00e8tres et d\u00e9sormais \u00e9quip\u00e9 de 6000 m\u00b2 de Delta-fassade.","robots":{"index":"index","follow":"follow","max-snippet":"max-snippet:-1","max-image-preview":"max-image-preview:large","max-video-preview":"max-video-preview:-1"},"canonical":"https:\/\/batijournal.com\/index.php\/facade-bois-immeuble-starsbourg\/99888\/","og_locale":"fr_FR","og_type":"article","og_title":"Une fa\u00e7ade bois fait \u00ab\u00a0Sensations\u00a0\u00bb \u00e0 Strasbourg - Batijournal","og_description":"Une fa\u00e7ade bois qui prend de la hauteur avec son immeuble strasbourgeois 100 % bois culminant \u00e0 38 m\u00e8tres et d\u00e9sormais \u00e9quip\u00e9 de 6000 m\u00b2 de Delta-fassade.","og_url":"https:\/\/batijournal.com\/index.php\/facade-bois-immeuble-starsbourg\/99888\/","og_site_name":"Batijournal","article_published_time":"2018-08-23T14:48:12+00:00","article_modified_time":"2018-08-30T10:51:22+00:00","og_image":[{"width":1000,"height":669,"url":"https:\/\/batijournal.com\/wp-content\/uploads\/2018\/08\/Sensations_DELTA_3.jpg","type":"image\/jpeg"}],"author":"Bati-journal","twitter_card":"summary_large_image","twitter_creator":"@bati_journal","twitter_site":"@bati_journal","twitter_misc":{"\u00c9crit par":"Bati-journal","Dur\u00e9e de lecture estim\u00e9e":"1 minute"},"schema":{"@context":"https:\/\/schema.org","@graph":[{"@type":"Article","@id":"https:\/\/batijournal.com\/index.php\/facade-bois-immeuble-starsbourg\/99888\/#article","isPartOf":{"@id":"https:\/\/batijournal.com\/index.php\/facade-bois-immeuble-starsbourg\/99888\/"},"author":{"name":"Bati-journal","@id":"https:\/\/batijournal.com\/#\/schema\/person\/6a657e8967569e1b299972574848aa76"},"headline":"Une fa\u00e7ade bois fait \u00ab\u00a0Sensations\u00a0\u00bb \u00e0 Strasbourg","datePublished":"2018-08-23T14:48:12+00:00","dateModified":"2018-08-30T10:51:22+00:00","mainEntityOfPage":{"@id":"https:\/\/batijournal.com\/index.php\/facade-bois-immeuble-starsbourg\/99888\/"},"wordCount":176,"image":{"@id":"https:\/\/batijournal.com\/index.php\/facade-bois-immeuble-starsbourg\/99888\/#primaryimage"},"thumbnailUrl":"https:\/\/batijournal.com\/wp-content\/uploads\/2018\/08\/Sensations_DELTA_3.jpg","keywords":["bois","fa\u00e7ade","facade bois","grande hauteur","immeuble en bois","starsbourg"],"articleSection":["Actualit\u00e9s","zz_Produits - Woodsurfer","zz_Woodsurfer"],"inLanguage":"fr-FR"},{"@type":"WebPage","@id":"https:\/\/batijournal.com\/index.php\/facade-bois-immeuble-starsbourg\/99888\/","url":"https:\/\/batijournal.com\/index.php\/facade-bois-immeuble-starsbourg\/99888\/","name":"Une fa\u00e7ade bois fait \u00ab\u00a0Sensations\u00a0\u00bb \u00e0 Strasbourg - Batijournal","isPartOf":{"@id":"https:\/\/batijournal.com\/#website"},"primaryImageOfPage":{"@id":"https:\/\/batijournal.com\/index.php\/facade-bois-immeuble-starsbourg\/99888\/#primaryimage"},"image":{"@id":"https:\/\/batijournal.com\/index.php\/facade-bois-immeuble-starsbourg\/99888\/#primaryimage"},"thumbnailUrl":"https:\/\/batijournal.com\/wp-content\/uploads\/2018\/08\/Sensations_DELTA_3.jpg","datePublished":"2018-08-23T14:48:12+00:00","dateModified":"2018-08-30T10:51:22+00:00","author":{"@id":"https:\/\/batijournal.com\/#\/schema\/person\/6a657e8967569e1b299972574848aa76"},"description":"Une fa\u00e7ade bois qui prend de la hauteur avec son immeuble strasbourgeois 100 % bois culminant \u00e0 38 m\u00e8tres et d\u00e9sormais \u00e9quip\u00e9 de 6000 m\u00b2 de Delta-fassade.","breadcrumb":{"@id":"https:\/\/batijournal.com\/index.php\/facade-bois-immeuble-starsbourg\/99888\/#breadcrumb"},"inLanguage":"fr-FR","potentialAction":[{"@type":"ReadAction","target":["https:\/\/batijournal.com\/index.php\/facade-bois-immeuble-starsbourg\/99888\/"]}]},{"@type":"ImageObject","inLanguage":"fr-FR","@id":"https:\/\/batijournal.com\/index.php\/facade-bois-immeuble-starsbourg\/99888\/#primaryimage","url":"https:\/\/batijournal.com\/wp-content\/uploads\/2018\/08\/Sensations_DELTA_3.jpg","contentUrl":"https:\/\/batijournal.com\/wp-content\/uploads\/2018\/08\/Sensations_DELTA_3.jpg","width":1000,"height":669,"caption":"facade bois"},{"@type":"BreadcrumbList","@id":"https:\/\/batijournal.com\/index.php\/facade-bois-immeuble-starsbourg\/99888\/#breadcrumb","itemListElement":[{"@type":"ListItem","position":1,"name":"Accueil","item":"https:\/\/batijournal.com\/"},{"@type":"ListItem","position":2,"name":"Actualit\u00e9s","item":"https:\/\/batijournal.com\/index.php\/category\/actualites\/"},{"@type":"ListItem","position":3,"name":"Une fa\u00e7ade bois fait \u00ab\u00a0Sensations\u00a0\u00bb \u00e0 Strasbourg"}]},{"@type":"WebSite","@id":"https:\/\/batijournal.com\/#website","url":"https:\/\/batijournal.com\/","name":"Batijournal","description":"L&#039;actualit\u00e9 du b\u00e2timent","potentialAction":[{"@type":"SearchAction","target":{"@type":"EntryPoint","urlTemplate":"https:\/\/batijournal.com\/?s={search_term_string}"},"query-input":{"@type":"PropertyValueSpecification","valueRequired":true,"valueName":"search_term_string"}}],"inLanguage":"fr-FR"},{"@type":"Person","@id":"https:\/\/batijournal.com\/#\/schema\/person\/6a657e8967569e1b299972574848aa76","name":"Bati-journal","image":{"@type":"ImageObject","inLanguage":"fr-FR","@id":"https:\/\/secure.gravatar.com\/avatar\/a64364ea26392f9b4dd47e017ddaec74ff03aefc073b49e492e847201258f777?s=96&d=mm&r=g","url":"https:\/\/secure.gravatar.com\/avatar\/a64364ea26392f9b4dd47e017ddaec74ff03aefc073b49e492e847201258f777?s=96&d=mm&r=g","contentUrl":"https:\/\/secure.gravatar.com\/avatar\/a64364ea26392f9b4dd47e017ddaec74ff03aefc073b49e492e847201258f777?s=96&d=mm&r=g","caption":"Bati-journal"},"url":"https:\/\/batijournal.com\/index.php\/author\/elodie\/"}]}},"_links":{"self":[{"href":"https:\/\/batijournal.com\/index.php\/wp-json\/wp\/v2\/posts\/99888","targetHints":{"allow":["GET"]}}],"collection":[{"href":"https:\/\/batijournal.com\/index.php\/wp-json\/wp\/v2\/posts"}],"about":[{"href":"https:\/\/batijournal.com\/index.php\/wp-json\/wp\/v2\/types\/post"}],"author":[{"embeddable":true,"href":"https:\/\/batijournal.com\/index.php\/wp-json\/wp\/v2\/users\/1"}],"replies":[{"embeddable":true,"href":"https:\/\/batijournal.com\/index.php\/wp-json\/wp\/v2\/comments?post=99888"}],"version-history":[{"count":0,"href":"https:\/\/batijournal.com\/index.php\/wp-json\/wp\/v2\/posts\/99888\/revisions"}],"wp:featuredmedia":[{"embeddable":true,"href":"https:\/\/batijournal.com\/index.php\/wp-json\/wp\/v2\/media\/99892"}],"wp:attachment":[{"href":"https:\/\/batijournal.com\/index.php\/wp-json\/wp\/v2\/media?parent=99888"}],"wp:term":[{"taxonomy":"category","embeddable":true,"href":"https:\/\/batijournal.com\/index.php\/wp-json\/wp\/v2\/categories?post=99888"},{"taxonomy":"post_tag","embeddable":true,"href":"https:\/\/batijournal.com\/index.php\/wp-json\/wp\/v2\/tags?post=99888"}],"curies":[{"name":"wp","href":"https:\/\/api.w.org\/{rel}","templated":true}]}}