{"id":99903,"date":"2018-08-24T16:45:29","date_gmt":"2018-08-24T14:45:29","guid":{"rendered":"https:\/\/batijournal.com\/?p=99903"},"modified":"2019-07-15T11:14:58","modified_gmt":"2019-07-15T09:14:58","slug":"quelle-voie-pour-la-gare-de-bouchain","status":"publish","type":"post","link":"https:\/\/batijournal.com\/index.php\/quelle-voie-pour-la-gare-de-bouchain\/99903\/","title":{"rendered":"Quelle voie pour une petite gare embl\u00e9matique ?"},"content":{"rendered":"<p><span style=\"font-family: Avenir;\"><span style=\"font-size: medium;\">Dernier t\u00e9moin de l\u2019\u00e9pop\u00e9e de la Compagnie des chemins de fer du Nord de James de Rothschild, la gare de Bouchain a 160 ans. Miracul\u00e9e des bombes en 1940, elle incarne l\u2019\u00e8re du charbon, de la sid\u00e9rurgie, de la batellerie voisine, mais la SNCF n\u2019a plus besoin de b\u00e2timent pour l\u2019accueil des voyageurs.<\/span><\/span><\/p>\n<p><span style=\"font-family: Avenir;\"><span style=\"font-size: medium;\">Cette gare en briques, petit ch\u00e2teau de l\u2019industrie, assemble avec \u00e9l\u00e9gance une infinit\u00e9 d\u2019ouvrages d\u00e9coratifs : briques arrondies et voussures \u00e0 ressauts, d\u00e9cors en relief \u00e0 l\u2019image des runes du Nord, arcatures et colonnes lombardes, fausses meurtri\u00e8res lin\u00e9aires ou cruciformes en pierre et bandeaux d\u00e9coratifs orn\u00e9s de modillons, ouvrages en bois tr\u00e8s fouill\u00e9s au niveau des soffites des toitures, fontes de la marquise richement d\u00e9cor\u00e9es, tourelles et cr\u00e9neaux en pierre couronnant les pignons\u2026<\/span><\/span><\/p>\n<p><span style=\"font-family: Avenir;\"><span style=\"font-size: medium;\">le sort de la gare de\u00a0Bouchain est suspendu \u00e0 l\u2019inscription MH\u00a0; la d\u00e9l\u00e9gation permanente de la Drac a lieu le 31 ao\u00fbt. \u00c0 ce jour, un rejet entra\u00eenerait la d\u00e9molition \u2013 stopp\u00e9e sur place le 2 juillet dernier par une mobilisation patrimoniale \u2013 malgr\u00e9 l\u2019\u00e9mergence de projets (de l\u2019universit\u00e9 de Valenciennes, d\u2019associations, d\u2019\u00e9lus).<\/span><\/span><\/p>\n","protected":false},"excerpt":{"rendered":"<p>Dernier t\u00e9moin de l\u2019\u00e9pop\u00e9e de la Compagnie des chemins de fer du Nord de James de Rothschild, la gare de Bouchain a 160 ans. Miracul\u00e9e des bombes en 1940, elle incarne l\u2019\u00e8re du charbon, de la sid\u00e9rurgie, de la batellerie voisine, mais la SNCF n\u2019a plus besoin de b\u00e2timent pour l\u2019accueil des voyageurs. Cette gare [&hellip;]<\/p>\n","protected":false},"author":17,"featured_media":99905,"comment_status":"closed","ping_status":"closed","sticky":false,"template":"","format":"standard","meta":{"_et_pb_use_builder":"","_et_pb_old_content":"","_et_gb_content_width":"","footnotes":""},"categories":[10530,6340,10785],"tags":[12413,1594,12412,11042],"class_list":["post-99903","post","type-post","status-publish","format-standard","has-post-thumbnail","hentry","category-actualites","category-architecture-conception","category-atrium","tag-bouchain","tag-brique","tag-gare","tag-patrimoine"],"yoast_head":"<!-- This site is optimized with the Yoast SEO plugin v27.4 - https:\/\/yoast.com\/product\/yoast-seo-wordpress\/ -->\n<title>Gare de Bouchain : quelle voie pour la petite gare embl\u00e9matique ?<\/title>\n<meta name=\"description\" content=\"Dernier t\u00e9moin de l\u2019\u00e9pop\u00e9e de la Compagnie des chemins de fer du Nord de James de Rothschild, la gare de Bouchain a 160 ans.\" \/>\n<meta name=\"robots\" content=\"index, follow, max-snippet:-1, max-image-preview:large, max-video-preview:-1\" \/>\n<link rel=\"canonical\" href=\"https:\/\/batijournal.com\/index.php\/quelle-voie-pour-la-gare-de-bouchain\/99903\/\" \/>\n<meta property=\"og:locale\" content=\"fr_FR\" \/>\n<meta property=\"og:type\" content=\"article\" \/>\n<meta property=\"og:title\" content=\"Gare de Bouchain : quelle voie pour la petite gare embl\u00e9matique ?\" \/>\n<meta property=\"og:description\" content=\"Dernier t\u00e9moin de l\u2019\u00e9pop\u00e9e de la Compagnie des chemins de fer du Nord de James de Rothschild, la gare de Bouchain a 160 ans.\" \/>\n<meta property=\"og:url\" content=\"https:\/\/batijournal.com\/index.php\/quelle-voie-pour-la-gare-de-bouchain\/99903\/\" \/>\n<meta property=\"og:site_name\" content=\"Batijournal\" \/>\n<meta property=\"article:published_time\" content=\"2018-08-24T14:45:29+00:00\" \/>\n<meta property=\"article:modified_time\" content=\"2019-07-15T09:14:58+00:00\" \/>\n<meta property=\"og:image\" content=\"https:\/\/batijournal.com\/wp-content\/uploads\/2018\/08\/belle-photo-Gare-Bouchain.jpg\" \/>\n\t<meta property=\"og:image:width\" content=\"1350\" \/>\n\t<meta property=\"og:image:height\" content=\"759\" \/>\n\t<meta property=\"og:image:type\" content=\"image\/jpeg\" \/>\n<meta name=\"author\" content=\"St\u00e9phane Miget\" \/>\n<meta name=\"twitter:card\" content=\"summary_large_image\" \/>\n<meta name=\"twitter:creator\" content=\"@bati_journal\" \/>\n<meta name=\"twitter:site\" content=\"@bati_journal\" \/>\n<meta name=\"twitter:label1\" content=\"\u00c9crit par\" \/>\n\t<meta name=\"twitter:data1\" content=\"St\u00e9phane Miget\" \/>\n\t<meta name=\"twitter:label2\" content=\"Dur\u00e9e de lecture estim\u00e9e\" \/>\n\t<meta name=\"twitter:data2\" content=\"1 minute\" \/>\n<script type=\"application\/ld+json\" class=\"yoast-schema-graph\">{\"@context\":\"https:\\\/\\\/schema.org\",\"@graph\":[{\"@type\":\"Article\",\"@id\":\"https:\\\/\\\/batijournal.com\\\/index.php\\\/quelle-voie-pour-la-gare-de-bouchain\\\/99903\\\/#article\",\"isPartOf\":{\"@id\":\"https:\\\/\\\/batijournal.com\\\/index.php\\\/quelle-voie-pour-la-gare-de-bouchain\\\/99903\\\/\"},\"author\":{\"name\":\"St\u00e9phane Miget\",\"@id\":\"https:\\\/\\\/batijournal.com\\\/#\\\/schema\\\/person\\\/1dc96ec6957aa1ccb25ebe78bb19f100\"},\"headline\":\"Quelle voie pour une petite gare embl\u00e9matique ?\",\"datePublished\":\"2018-08-24T14:45:29+00:00\",\"dateModified\":\"2019-07-15T09:14:58+00:00\",\"mainEntityOfPage\":{\"@id\":\"https:\\\/\\\/batijournal.com\\\/index.php\\\/quelle-voie-pour-la-gare-de-bouchain\\\/99903\\\/\"},\"wordCount\":213,\"image\":{\"@id\":\"https:\\\/\\\/batijournal.com\\\/index.php\\\/quelle-voie-pour-la-gare-de-bouchain\\\/99903\\\/#primaryimage\"},\"thumbnailUrl\":\"https:\\\/\\\/batijournal.com\\\/wp-content\\\/uploads\\\/2018\\\/08\\\/belle-photo-Gare-Bouchain.jpg\",\"keywords\":[\"Bouchain\",\"brique\",\"gare\",\"patrimoine\"],\"articleSection\":[\"Actualit\u00e9s\",\"Architecture &amp; Conception\",\"zz_Atrium Patrimoine\"],\"inLanguage\":\"fr-FR\"},{\"@type\":\"WebPage\",\"@id\":\"https:\\\/\\\/batijournal.com\\\/index.php\\\/quelle-voie-pour-la-gare-de-bouchain\\\/99903\\\/\",\"url\":\"https:\\\/\\\/batijournal.com\\\/index.php\\\/quelle-voie-pour-la-gare-de-bouchain\\\/99903\\\/\",\"name\":\"Gare de Bouchain : quelle voie pour la petite gare embl\u00e9matique ?\",\"isPartOf\":{\"@id\":\"https:\\\/\\\/batijournal.com\\\/#website\"},\"primaryImageOfPage\":{\"@id\":\"https:\\\/\\\/batijournal.com\\\/index.php\\\/quelle-voie-pour-la-gare-de-bouchain\\\/99903\\\/#primaryimage\"},\"image\":{\"@id\":\"https:\\\/\\\/batijournal.com\\\/index.php\\\/quelle-voie-pour-la-gare-de-bouchain\\\/99903\\\/#primaryimage\"},\"thumbnailUrl\":\"https:\\\/\\\/batijournal.com\\\/wp-content\\\/uploads\\\/2018\\\/08\\\/belle-photo-Gare-Bouchain.jpg\",\"datePublished\":\"2018-08-24T14:45:29+00:00\",\"dateModified\":\"2019-07-15T09:14:58+00:00\",\"author\":{\"@id\":\"https:\\\/\\\/batijournal.com\\\/#\\\/schema\\\/person\\\/1dc96ec6957aa1ccb25ebe78bb19f100\"},\"description\":\"Dernier t\u00e9moin de l\u2019\u00e9pop\u00e9e de la Compagnie des chemins de fer du Nord de James de Rothschild, la gare de Bouchain a 160 ans.\",\"breadcrumb\":{\"@id\":\"https:\\\/\\\/batijournal.com\\\/index.php\\\/quelle-voie-pour-la-gare-de-bouchain\\\/99903\\\/#breadcrumb\"},\"inLanguage\":\"fr-FR\",\"potentialAction\":[{\"@type\":\"ReadAction\",\"target\":[\"https:\\\/\\\/batijournal.com\\\/index.php\\\/quelle-voie-pour-la-gare-de-bouchain\\\/99903\\\/\"]}]},{\"@type\":\"ImageObject\",\"inLanguage\":\"fr-FR\",\"@id\":\"https:\\\/\\\/batijournal.com\\\/index.php\\\/quelle-voie-pour-la-gare-de-bouchain\\\/99903\\\/#primaryimage\",\"url\":\"https:\\\/\\\/batijournal.com\\\/wp-content\\\/uploads\\\/2018\\\/08\\\/belle-photo-Gare-Bouchain.jpg\",\"contentUrl\":\"https:\\\/\\\/batijournal.com\\\/wp-content\\\/uploads\\\/2018\\\/08\\\/belle-photo-Gare-Bouchain.jpg\",\"width\":1350,\"height\":759,\"caption\":\"gare de Bouchain\"},{\"@type\":\"BreadcrumbList\",\"@id\":\"https:\\\/\\\/batijournal.com\\\/index.php\\\/quelle-voie-pour-la-gare-de-bouchain\\\/99903\\\/#breadcrumb\",\"itemListElement\":[{\"@type\":\"ListItem\",\"position\":1,\"name\":\"Accueil\",\"item\":\"https:\\\/\\\/batijournal.com\\\/\"},{\"@type\":\"ListItem\",\"position\":2,\"name\":\"zz_Atrium Patrimoine\",\"item\":\"https:\\\/\\\/batijournal.com\\\/index.php\\\/category\\\/atrium\\\/\"},{\"@type\":\"ListItem\",\"position\":3,\"name\":\"Quelle voie pour une petite gare embl\u00e9matique ?\"}]},{\"@type\":\"WebSite\",\"@id\":\"https:\\\/\\\/batijournal.com\\\/#website\",\"url\":\"https:\\\/\\\/batijournal.com\\\/\",\"name\":\"Batijournal\",\"description\":\"L&#039;actualit\u00e9 du b\u00e2timent\",\"potentialAction\":[{\"@type\":\"SearchAction\",\"target\":{\"@type\":\"EntryPoint\",\"urlTemplate\":\"https:\\\/\\\/batijournal.com\\\/?s={search_term_string}\"},\"query-input\":{\"@type\":\"PropertyValueSpecification\",\"valueRequired\":true,\"valueName\":\"search_term_string\"}}],\"inLanguage\":\"fr-FR\"},{\"@type\":\"Person\",\"@id\":\"https:\\\/\\\/batijournal.com\\\/#\\\/schema\\\/person\\\/1dc96ec6957aa1ccb25ebe78bb19f100\",\"name\":\"St\u00e9phane Miget\",\"image\":{\"@type\":\"ImageObject\",\"inLanguage\":\"fr-FR\",\"@id\":\"https:\\\/\\\/secure.gravatar.com\\\/avatar\\\/89915563d925342126b8ef0281b93d9d7fc337043e8df017f780908eb9644451?s=96&d=mm&r=g\",\"url\":\"https:\\\/\\\/secure.gravatar.com\\\/avatar\\\/89915563d925342126b8ef0281b93d9d7fc337043e8df017f780908eb9644451?s=96&d=mm&r=g\",\"contentUrl\":\"https:\\\/\\\/secure.gravatar.com\\\/avatar\\\/89915563d925342126b8ef0281b93d9d7fc337043e8df017f780908eb9644451?s=96&d=mm&r=g\",\"caption\":\"St\u00e9phane Miget\"},\"url\":\"https:\\\/\\\/batijournal.com\\\/index.php\\\/author\\\/stephane\\\/\"}]}<\/script>\n<!-- \/ Yoast SEO plugin. -->","yoast_head_json":{"title":"Gare de Bouchain : quelle voie pour la petite gare embl\u00e9matique ?","description":"Dernier t\u00e9moin de l\u2019\u00e9pop\u00e9e de la Compagnie des chemins de fer du Nord de James de Rothschild, la gare de Bouchain a 160 ans.","robots":{"index":"index","follow":"follow","max-snippet":"max-snippet:-1","max-image-preview":"max-image-preview:large","max-video-preview":"max-video-preview:-1"},"canonical":"https:\/\/batijournal.com\/index.php\/quelle-voie-pour-la-gare-de-bouchain\/99903\/","og_locale":"fr_FR","og_type":"article","og_title":"Gare de Bouchain : quelle voie pour la petite gare embl\u00e9matique ?","og_description":"Dernier t\u00e9moin de l\u2019\u00e9pop\u00e9e de la Compagnie des chemins de fer du Nord de James de Rothschild, la gare de Bouchain a 160 ans.","og_url":"https:\/\/batijournal.com\/index.php\/quelle-voie-pour-la-gare-de-bouchain\/99903\/","og_site_name":"Batijournal","article_published_time":"2018-08-24T14:45:29+00:00","article_modified_time":"2019-07-15T09:14:58+00:00","og_image":[{"width":1350,"height":759,"url":"https:\/\/batijournal.com\/wp-content\/uploads\/2018\/08\/belle-photo-Gare-Bouchain.jpg","type":"image\/jpeg"}],"author":"St\u00e9phane Miget","twitter_card":"summary_large_image","twitter_creator":"@bati_journal","twitter_site":"@bati_journal","twitter_misc":{"\u00c9crit par":"St\u00e9phane Miget","Dur\u00e9e de lecture estim\u00e9e":"1 minute"},"schema":{"@context":"https:\/\/schema.org","@graph":[{"@type":"Article","@id":"https:\/\/batijournal.com\/index.php\/quelle-voie-pour-la-gare-de-bouchain\/99903\/#article","isPartOf":{"@id":"https:\/\/batijournal.com\/index.php\/quelle-voie-pour-la-gare-de-bouchain\/99903\/"},"author":{"name":"St\u00e9phane Miget","@id":"https:\/\/batijournal.com\/#\/schema\/person\/1dc96ec6957aa1ccb25ebe78bb19f100"},"headline":"Quelle voie pour une petite gare embl\u00e9matique ?","datePublished":"2018-08-24T14:45:29+00:00","dateModified":"2019-07-15T09:14:58+00:00","mainEntityOfPage":{"@id":"https:\/\/batijournal.com\/index.php\/quelle-voie-pour-la-gare-de-bouchain\/99903\/"},"wordCount":213,"image":{"@id":"https:\/\/batijournal.com\/index.php\/quelle-voie-pour-la-gare-de-bouchain\/99903\/#primaryimage"},"thumbnailUrl":"https:\/\/batijournal.com\/wp-content\/uploads\/2018\/08\/belle-photo-Gare-Bouchain.jpg","keywords":["Bouchain","brique","gare","patrimoine"],"articleSection":["Actualit\u00e9s","Architecture &amp; Conception","zz_Atrium Patrimoine"],"inLanguage":"fr-FR"},{"@type":"WebPage","@id":"https:\/\/batijournal.com\/index.php\/quelle-voie-pour-la-gare-de-bouchain\/99903\/","url":"https:\/\/batijournal.com\/index.php\/quelle-voie-pour-la-gare-de-bouchain\/99903\/","name":"Gare de Bouchain : quelle voie pour la petite gare embl\u00e9matique ?","isPartOf":{"@id":"https:\/\/batijournal.com\/#website"},"primaryImageOfPage":{"@id":"https:\/\/batijournal.com\/index.php\/quelle-voie-pour-la-gare-de-bouchain\/99903\/#primaryimage"},"image":{"@id":"https:\/\/batijournal.com\/index.php\/quelle-voie-pour-la-gare-de-bouchain\/99903\/#primaryimage"},"thumbnailUrl":"https:\/\/batijournal.com\/wp-content\/uploads\/2018\/08\/belle-photo-Gare-Bouchain.jpg","datePublished":"2018-08-24T14:45:29+00:00","dateModified":"2019-07-15T09:14:58+00:00","author":{"@id":"https:\/\/batijournal.com\/#\/schema\/person\/1dc96ec6957aa1ccb25ebe78bb19f100"},"description":"Dernier t\u00e9moin de l\u2019\u00e9pop\u00e9e de la Compagnie des chemins de fer du Nord de James de Rothschild, la gare de Bouchain a 160 ans.","breadcrumb":{"@id":"https:\/\/batijournal.com\/index.php\/quelle-voie-pour-la-gare-de-bouchain\/99903\/#breadcrumb"},"inLanguage":"fr-FR","potentialAction":[{"@type":"ReadAction","target":["https:\/\/batijournal.com\/index.php\/quelle-voie-pour-la-gare-de-bouchain\/99903\/"]}]},{"@type":"ImageObject","inLanguage":"fr-FR","@id":"https:\/\/batijournal.com\/index.php\/quelle-voie-pour-la-gare-de-bouchain\/99903\/#primaryimage","url":"https:\/\/batijournal.com\/wp-content\/uploads\/2018\/08\/belle-photo-Gare-Bouchain.jpg","contentUrl":"https:\/\/batijournal.com\/wp-content\/uploads\/2018\/08\/belle-photo-Gare-Bouchain.jpg","width":1350,"height":759,"caption":"gare de Bouchain"},{"@type":"BreadcrumbList","@id":"https:\/\/batijournal.com\/index.php\/quelle-voie-pour-la-gare-de-bouchain\/99903\/#breadcrumb","itemListElement":[{"@type":"ListItem","position":1,"name":"Accueil","item":"https:\/\/batijournal.com\/"},{"@type":"ListItem","position":2,"name":"zz_Atrium Patrimoine","item":"https:\/\/batijournal.com\/index.php\/category\/atrium\/"},{"@type":"ListItem","position":3,"name":"Quelle voie pour une petite gare embl\u00e9matique ?"}]},{"@type":"WebSite","@id":"https:\/\/batijournal.com\/#website","url":"https:\/\/batijournal.com\/","name":"Batijournal","description":"L&#039;actualit\u00e9 du b\u00e2timent","potentialAction":[{"@type":"SearchAction","target":{"@type":"EntryPoint","urlTemplate":"https:\/\/batijournal.com\/?s={search_term_string}"},"query-input":{"@type":"PropertyValueSpecification","valueRequired":true,"valueName":"search_term_string"}}],"inLanguage":"fr-FR"},{"@type":"Person","@id":"https:\/\/batijournal.com\/#\/schema\/person\/1dc96ec6957aa1ccb25ebe78bb19f100","name":"St\u00e9phane Miget","image":{"@type":"ImageObject","inLanguage":"fr-FR","@id":"https:\/\/secure.gravatar.com\/avatar\/89915563d925342126b8ef0281b93d9d7fc337043e8df017f780908eb9644451?s=96&d=mm&r=g","url":"https:\/\/secure.gravatar.com\/avatar\/89915563d925342126b8ef0281b93d9d7fc337043e8df017f780908eb9644451?s=96&d=mm&r=g","contentUrl":"https:\/\/secure.gravatar.com\/avatar\/89915563d925342126b8ef0281b93d9d7fc337043e8df017f780908eb9644451?s=96&d=mm&r=g","caption":"St\u00e9phane Miget"},"url":"https:\/\/batijournal.com\/index.php\/author\/stephane\/"}]}},"_links":{"self":[{"href":"https:\/\/batijournal.com\/index.php\/wp-json\/wp\/v2\/posts\/99903","targetHints":{"allow":["GET"]}}],"collection":[{"href":"https:\/\/batijournal.com\/index.php\/wp-json\/wp\/v2\/posts"}],"about":[{"href":"https:\/\/batijournal.com\/index.php\/wp-json\/wp\/v2\/types\/post"}],"author":[{"embeddable":true,"href":"https:\/\/batijournal.com\/index.php\/wp-json\/wp\/v2\/users\/17"}],"replies":[{"embeddable":true,"href":"https:\/\/batijournal.com\/index.php\/wp-json\/wp\/v2\/comments?post=99903"}],"version-history":[{"count":0,"href":"https:\/\/batijournal.com\/index.php\/wp-json\/wp\/v2\/posts\/99903\/revisions"}],"wp:featuredmedia":[{"embeddable":true,"href":"https:\/\/batijournal.com\/index.php\/wp-json\/wp\/v2\/media\/99905"}],"wp:attachment":[{"href":"https:\/\/batijournal.com\/index.php\/wp-json\/wp\/v2\/media?parent=99903"}],"wp:term":[{"taxonomy":"category","embeddable":true,"href":"https:\/\/batijournal.com\/index.php\/wp-json\/wp\/v2\/categories?post=99903"},{"taxonomy":"post_tag","embeddable":true,"href":"https:\/\/batijournal.com\/index.php\/wp-json\/wp\/v2\/tags?post=99903"}],"curies":[{"name":"wp","href":"https:\/\/api.w.org\/{rel}","templated":true}]}}