{"id":99906,"date":"2018-08-27T07:40:19","date_gmt":"2018-08-27T05:40:19","guid":{"rendered":"https:\/\/batijournal.com\/?p=99906"},"modified":"2019-07-15T12:01:56","modified_gmt":"2019-07-15T10:01:56","slug":"nette-baisse-des-ventes-de-logements","status":"publish","type":"post","link":"https:\/\/batijournal.com\/index.php\/nette-baisse-des-ventes-de-logements\/99906\/","title":{"rendered":"Nette baisse des ventes de logements"},"content":{"rendered":"<p>Les mises en vente de logements au deuxi\u00e8me trimestre 2018 diminuent de 12,8 % par rapport au deuxi\u00e8me trimestre 2017. Les r\u00e9servations de maisons individuelles, 2 600 unit\u00e9s sont en recul de 4,9 % sur la m\u00eame p\u00e9riode.<\/p>\n<p>Ce repli est exclusivement port\u00e9 par les maisons de moins de quatre pi\u00e8ces (- 30,1 %) tandis que les r\u00e9servations augmentent pour les maisons de quatre pi\u00e8ces ou plus. Les mises en vente, 2 500 maisons au deuxi\u00e8me trimestre 2018, se r\u00e9tractent \u00e9galement de 17,2 %.<\/p>\n<p>Les tendances annuelles sont \u00e9galement orient\u00e9es \u00e0 la baisse avec respectivement &#8211; 14,0 % et &#8211; 9,2 % de recul pour les mises en vente et les r\u00e9servations sur les quatre derniers trimestres par rapport aux quatre trimestres pr\u00e9c\u00e9dents. Au deuxi\u00e8me trimestre 2018, une maison individuelle co\u00fbte en moyenne 264 000 euros, soit une augmentation de 3,2 % par rapport au deuxi\u00e8me trimestre 2017.<\/p>\n","protected":false},"excerpt":{"rendered":"<p>Les mises en vente de logements au deuxi\u00e8me trimestre 2018 diminuent de 12,8 % par rapport au deuxi\u00e8me trimestre 2017. Les r\u00e9servations de maisons individuelles, 2 600 unit\u00e9s sont en recul de 4,9 % sur la m\u00eame p\u00e9riode. Ce repli est exclusivement port\u00e9 par les maisons de moins de quatre pi\u00e8ces (- 30,1 %) tandis [&hellip;]<\/p>\n","protected":false},"author":17,"featured_media":99907,"comment_status":"closed","ping_status":"closed","sticky":false,"template":"","format":"standard","meta":{"_et_pb_use_builder":"","_et_pb_old_content":"","_et_gb_content_width":"","footnotes":""},"categories":[10736,10530,6345],"tags":[2020,1338],"class_list":["post-99906","post","type-post","status-publish","format-standard","has-post-thumbnail","hentry","category-a-la-une","category-actualites","category-economie-marches","tag-logement","tag-statistiques"],"yoast_head":"<!-- This site is optimized with the Yoast SEO plugin v27.4 - https:\/\/yoast.com\/product\/yoast-seo-wordpress\/ -->\n<title>Nette baisse des ventes de logements<\/title>\n<meta name=\"description\" content=\"On remarque une nette baisse des ventes de logements. En effet, au deuxi\u00e8me trimestre 2018 diminuent de 12,8 % par rapport au deuxi\u00e8me trimestre 2017.\" \/>\n<meta name=\"robots\" content=\"index, follow, max-snippet:-1, max-image-preview:large, max-video-preview:-1\" \/>\n<link rel=\"canonical\" href=\"https:\/\/batijournal.com\/index.php\/nette-baisse-des-ventes-de-logements\/99906\/\" \/>\n<meta property=\"og:locale\" content=\"fr_FR\" \/>\n<meta property=\"og:type\" content=\"article\" \/>\n<meta property=\"og:title\" content=\"Nette baisse des ventes de logements\" \/>\n<meta property=\"og:description\" content=\"On remarque une nette baisse des ventes de logements. En effet, au deuxi\u00e8me trimestre 2018 diminuent de 12,8 % par rapport au deuxi\u00e8me trimestre 2017.\" \/>\n<meta property=\"og:url\" content=\"https:\/\/batijournal.com\/index.php\/nette-baisse-des-ventes-de-logements\/99906\/\" \/>\n<meta property=\"og:site_name\" content=\"Batijournal\" \/>\n<meta property=\"article:published_time\" content=\"2018-08-27T05:40:19+00:00\" \/>\n<meta property=\"article:modified_time\" content=\"2019-07-15T10:01:56+00:00\" \/>\n<meta property=\"og:image\" content=\"https:\/\/batijournal.com\/wp-content\/uploads\/2018\/08\/commercialisation-des-logements-neuf-2018.jpeg\" \/>\n\t<meta property=\"og:image:width\" content=\"1200\" \/>\n\t<meta property=\"og:image:height\" content=\"800\" \/>\n\t<meta property=\"og:image:type\" content=\"image\/jpeg\" \/>\n<meta name=\"author\" content=\"St\u00e9phane Miget\" \/>\n<meta name=\"twitter:card\" content=\"summary_large_image\" \/>\n<meta name=\"twitter:creator\" content=\"@bati_journal\" \/>\n<meta name=\"twitter:site\" content=\"@bati_journal\" \/>\n<meta name=\"twitter:label1\" content=\"\u00c9crit par\" \/>\n\t<meta name=\"twitter:data1\" content=\"St\u00e9phane Miget\" \/>\n\t<meta name=\"twitter:label2\" content=\"Dur\u00e9e de lecture estim\u00e9e\" \/>\n\t<meta name=\"twitter:data2\" content=\"1 minute\" \/>\n<script type=\"application\/ld+json\" class=\"yoast-schema-graph\">{\"@context\":\"https:\\\/\\\/schema.org\",\"@graph\":[{\"@type\":\"Article\",\"@id\":\"https:\\\/\\\/batijournal.com\\\/index.php\\\/nette-baisse-des-ventes-de-logements\\\/99906\\\/#article\",\"isPartOf\":{\"@id\":\"https:\\\/\\\/batijournal.com\\\/index.php\\\/nette-baisse-des-ventes-de-logements\\\/99906\\\/\"},\"author\":{\"name\":\"St\u00e9phane Miget\",\"@id\":\"https:\\\/\\\/batijournal.com\\\/#\\\/schema\\\/person\\\/1dc96ec6957aa1ccb25ebe78bb19f100\"},\"headline\":\"Nette baisse des ventes de logements\",\"datePublished\":\"2018-08-27T05:40:19+00:00\",\"dateModified\":\"2019-07-15T10:01:56+00:00\",\"mainEntityOfPage\":{\"@id\":\"https:\\\/\\\/batijournal.com\\\/index.php\\\/nette-baisse-des-ventes-de-logements\\\/99906\\\/\"},\"wordCount\":146,\"image\":{\"@id\":\"https:\\\/\\\/batijournal.com\\\/index.php\\\/nette-baisse-des-ventes-de-logements\\\/99906\\\/#primaryimage\"},\"thumbnailUrl\":\"https:\\\/\\\/batijournal.com\\\/wp-content\\\/uploads\\\/2018\\\/08\\\/commercialisation-des-logements-neuf-2018.jpeg\",\"keywords\":[\"logement\",\"statistiques\"],\"articleSection\":[\"A la Une\",\"Actualit\u00e9s\",\"\u00c9conomie &amp; March\u00e9s\"],\"inLanguage\":\"fr-FR\"},{\"@type\":\"WebPage\",\"@id\":\"https:\\\/\\\/batijournal.com\\\/index.php\\\/nette-baisse-des-ventes-de-logements\\\/99906\\\/\",\"url\":\"https:\\\/\\\/batijournal.com\\\/index.php\\\/nette-baisse-des-ventes-de-logements\\\/99906\\\/\",\"name\":\"Nette baisse des ventes de logements\",\"isPartOf\":{\"@id\":\"https:\\\/\\\/batijournal.com\\\/#website\"},\"primaryImageOfPage\":{\"@id\":\"https:\\\/\\\/batijournal.com\\\/index.php\\\/nette-baisse-des-ventes-de-logements\\\/99906\\\/#primaryimage\"},\"image\":{\"@id\":\"https:\\\/\\\/batijournal.com\\\/index.php\\\/nette-baisse-des-ventes-de-logements\\\/99906\\\/#primaryimage\"},\"thumbnailUrl\":\"https:\\\/\\\/batijournal.com\\\/wp-content\\\/uploads\\\/2018\\\/08\\\/commercialisation-des-logements-neuf-2018.jpeg\",\"datePublished\":\"2018-08-27T05:40:19+00:00\",\"dateModified\":\"2019-07-15T10:01:56+00:00\",\"author\":{\"@id\":\"https:\\\/\\\/batijournal.com\\\/#\\\/schema\\\/person\\\/1dc96ec6957aa1ccb25ebe78bb19f100\"},\"description\":\"On remarque une nette baisse des ventes de logements. En effet, au deuxi\u00e8me trimestre 2018 diminuent de 12,8 % par rapport au deuxi\u00e8me trimestre 2017.\",\"breadcrumb\":{\"@id\":\"https:\\\/\\\/batijournal.com\\\/index.php\\\/nette-baisse-des-ventes-de-logements\\\/99906\\\/#breadcrumb\"},\"inLanguage\":\"fr-FR\",\"potentialAction\":[{\"@type\":\"ReadAction\",\"target\":[\"https:\\\/\\\/batijournal.com\\\/index.php\\\/nette-baisse-des-ventes-de-logements\\\/99906\\\/\"]}]},{\"@type\":\"ImageObject\",\"inLanguage\":\"fr-FR\",\"@id\":\"https:\\\/\\\/batijournal.com\\\/index.php\\\/nette-baisse-des-ventes-de-logements\\\/99906\\\/#primaryimage\",\"url\":\"https:\\\/\\\/batijournal.com\\\/wp-content\\\/uploads\\\/2018\\\/08\\\/commercialisation-des-logements-neuf-2018.jpeg\",\"contentUrl\":\"https:\\\/\\\/batijournal.com\\\/wp-content\\\/uploads\\\/2018\\\/08\\\/commercialisation-des-logements-neuf-2018.jpeg\",\"width\":1200,\"height\":800,\"caption\":\"nette-baisse-des-ventes-de-logements\"},{\"@type\":\"BreadcrumbList\",\"@id\":\"https:\\\/\\\/batijournal.com\\\/index.php\\\/nette-baisse-des-ventes-de-logements\\\/99906\\\/#breadcrumb\",\"itemListElement\":[{\"@type\":\"ListItem\",\"position\":1,\"name\":\"Accueil\",\"item\":\"https:\\\/\\\/batijournal.com\\\/\"},{\"@type\":\"ListItem\",\"position\":2,\"name\":\"A la Une\",\"item\":\"https:\\\/\\\/batijournal.com\\\/index.php\\\/category\\\/a-la-une\\\/\"},{\"@type\":\"ListItem\",\"position\":3,\"name\":\"Nette baisse des ventes de logements\"}]},{\"@type\":\"WebSite\",\"@id\":\"https:\\\/\\\/batijournal.com\\\/#website\",\"url\":\"https:\\\/\\\/batijournal.com\\\/\",\"name\":\"Batijournal\",\"description\":\"L&#039;actualit\u00e9 du b\u00e2timent\",\"potentialAction\":[{\"@type\":\"SearchAction\",\"target\":{\"@type\":\"EntryPoint\",\"urlTemplate\":\"https:\\\/\\\/batijournal.com\\\/?s={search_term_string}\"},\"query-input\":{\"@type\":\"PropertyValueSpecification\",\"valueRequired\":true,\"valueName\":\"search_term_string\"}}],\"inLanguage\":\"fr-FR\"},{\"@type\":\"Person\",\"@id\":\"https:\\\/\\\/batijournal.com\\\/#\\\/schema\\\/person\\\/1dc96ec6957aa1ccb25ebe78bb19f100\",\"name\":\"St\u00e9phane Miget\",\"image\":{\"@type\":\"ImageObject\",\"inLanguage\":\"fr-FR\",\"@id\":\"https:\\\/\\\/secure.gravatar.com\\\/avatar\\\/89915563d925342126b8ef0281b93d9d7fc337043e8df017f780908eb9644451?s=96&d=mm&r=g\",\"url\":\"https:\\\/\\\/secure.gravatar.com\\\/avatar\\\/89915563d925342126b8ef0281b93d9d7fc337043e8df017f780908eb9644451?s=96&d=mm&r=g\",\"contentUrl\":\"https:\\\/\\\/secure.gravatar.com\\\/avatar\\\/89915563d925342126b8ef0281b93d9d7fc337043e8df017f780908eb9644451?s=96&d=mm&r=g\",\"caption\":\"St\u00e9phane Miget\"},\"url\":\"https:\\\/\\\/batijournal.com\\\/index.php\\\/author\\\/stephane\\\/\"}]}<\/script>\n<!-- \/ Yoast SEO plugin. -->","yoast_head_json":{"title":"Nette baisse des ventes de logements","description":"On remarque une nette baisse des ventes de logements. En effet, au deuxi\u00e8me trimestre 2018 diminuent de 12,8 % par rapport au deuxi\u00e8me trimestre 2017.","robots":{"index":"index","follow":"follow","max-snippet":"max-snippet:-1","max-image-preview":"max-image-preview:large","max-video-preview":"max-video-preview:-1"},"canonical":"https:\/\/batijournal.com\/index.php\/nette-baisse-des-ventes-de-logements\/99906\/","og_locale":"fr_FR","og_type":"article","og_title":"Nette baisse des ventes de logements","og_description":"On remarque une nette baisse des ventes de logements. En effet, au deuxi\u00e8me trimestre 2018 diminuent de 12,8 % par rapport au deuxi\u00e8me trimestre 2017.","og_url":"https:\/\/batijournal.com\/index.php\/nette-baisse-des-ventes-de-logements\/99906\/","og_site_name":"Batijournal","article_published_time":"2018-08-27T05:40:19+00:00","article_modified_time":"2019-07-15T10:01:56+00:00","og_image":[{"width":1200,"height":800,"url":"https:\/\/batijournal.com\/wp-content\/uploads\/2018\/08\/commercialisation-des-logements-neuf-2018.jpeg","type":"image\/jpeg"}],"author":"St\u00e9phane Miget","twitter_card":"summary_large_image","twitter_creator":"@bati_journal","twitter_site":"@bati_journal","twitter_misc":{"\u00c9crit par":"St\u00e9phane Miget","Dur\u00e9e de lecture estim\u00e9e":"1 minute"},"schema":{"@context":"https:\/\/schema.org","@graph":[{"@type":"Article","@id":"https:\/\/batijournal.com\/index.php\/nette-baisse-des-ventes-de-logements\/99906\/#article","isPartOf":{"@id":"https:\/\/batijournal.com\/index.php\/nette-baisse-des-ventes-de-logements\/99906\/"},"author":{"name":"St\u00e9phane Miget","@id":"https:\/\/batijournal.com\/#\/schema\/person\/1dc96ec6957aa1ccb25ebe78bb19f100"},"headline":"Nette baisse des ventes de logements","datePublished":"2018-08-27T05:40:19+00:00","dateModified":"2019-07-15T10:01:56+00:00","mainEntityOfPage":{"@id":"https:\/\/batijournal.com\/index.php\/nette-baisse-des-ventes-de-logements\/99906\/"},"wordCount":146,"image":{"@id":"https:\/\/batijournal.com\/index.php\/nette-baisse-des-ventes-de-logements\/99906\/#primaryimage"},"thumbnailUrl":"https:\/\/batijournal.com\/wp-content\/uploads\/2018\/08\/commercialisation-des-logements-neuf-2018.jpeg","keywords":["logement","statistiques"],"articleSection":["A la Une","Actualit\u00e9s","\u00c9conomie &amp; March\u00e9s"],"inLanguage":"fr-FR"},{"@type":"WebPage","@id":"https:\/\/batijournal.com\/index.php\/nette-baisse-des-ventes-de-logements\/99906\/","url":"https:\/\/batijournal.com\/index.php\/nette-baisse-des-ventes-de-logements\/99906\/","name":"Nette baisse des ventes de logements","isPartOf":{"@id":"https:\/\/batijournal.com\/#website"},"primaryImageOfPage":{"@id":"https:\/\/batijournal.com\/index.php\/nette-baisse-des-ventes-de-logements\/99906\/#primaryimage"},"image":{"@id":"https:\/\/batijournal.com\/index.php\/nette-baisse-des-ventes-de-logements\/99906\/#primaryimage"},"thumbnailUrl":"https:\/\/batijournal.com\/wp-content\/uploads\/2018\/08\/commercialisation-des-logements-neuf-2018.jpeg","datePublished":"2018-08-27T05:40:19+00:00","dateModified":"2019-07-15T10:01:56+00:00","author":{"@id":"https:\/\/batijournal.com\/#\/schema\/person\/1dc96ec6957aa1ccb25ebe78bb19f100"},"description":"On remarque une nette baisse des ventes de logements. En effet, au deuxi\u00e8me trimestre 2018 diminuent de 12,8 % par rapport au deuxi\u00e8me trimestre 2017.","breadcrumb":{"@id":"https:\/\/batijournal.com\/index.php\/nette-baisse-des-ventes-de-logements\/99906\/#breadcrumb"},"inLanguage":"fr-FR","potentialAction":[{"@type":"ReadAction","target":["https:\/\/batijournal.com\/index.php\/nette-baisse-des-ventes-de-logements\/99906\/"]}]},{"@type":"ImageObject","inLanguage":"fr-FR","@id":"https:\/\/batijournal.com\/index.php\/nette-baisse-des-ventes-de-logements\/99906\/#primaryimage","url":"https:\/\/batijournal.com\/wp-content\/uploads\/2018\/08\/commercialisation-des-logements-neuf-2018.jpeg","contentUrl":"https:\/\/batijournal.com\/wp-content\/uploads\/2018\/08\/commercialisation-des-logements-neuf-2018.jpeg","width":1200,"height":800,"caption":"nette-baisse-des-ventes-de-logements"},{"@type":"BreadcrumbList","@id":"https:\/\/batijournal.com\/index.php\/nette-baisse-des-ventes-de-logements\/99906\/#breadcrumb","itemListElement":[{"@type":"ListItem","position":1,"name":"Accueil","item":"https:\/\/batijournal.com\/"},{"@type":"ListItem","position":2,"name":"A la Une","item":"https:\/\/batijournal.com\/index.php\/category\/a-la-une\/"},{"@type":"ListItem","position":3,"name":"Nette baisse des ventes de logements"}]},{"@type":"WebSite","@id":"https:\/\/batijournal.com\/#website","url":"https:\/\/batijournal.com\/","name":"Batijournal","description":"L&#039;actualit\u00e9 du b\u00e2timent","potentialAction":[{"@type":"SearchAction","target":{"@type":"EntryPoint","urlTemplate":"https:\/\/batijournal.com\/?s={search_term_string}"},"query-input":{"@type":"PropertyValueSpecification","valueRequired":true,"valueName":"search_term_string"}}],"inLanguage":"fr-FR"},{"@type":"Person","@id":"https:\/\/batijournal.com\/#\/schema\/person\/1dc96ec6957aa1ccb25ebe78bb19f100","name":"St\u00e9phane Miget","image":{"@type":"ImageObject","inLanguage":"fr-FR","@id":"https:\/\/secure.gravatar.com\/avatar\/89915563d925342126b8ef0281b93d9d7fc337043e8df017f780908eb9644451?s=96&d=mm&r=g","url":"https:\/\/secure.gravatar.com\/avatar\/89915563d925342126b8ef0281b93d9d7fc337043e8df017f780908eb9644451?s=96&d=mm&r=g","contentUrl":"https:\/\/secure.gravatar.com\/avatar\/89915563d925342126b8ef0281b93d9d7fc337043e8df017f780908eb9644451?s=96&d=mm&r=g","caption":"St\u00e9phane Miget"},"url":"https:\/\/batijournal.com\/index.php\/author\/stephane\/"}]}},"_links":{"self":[{"href":"https:\/\/batijournal.com\/index.php\/wp-json\/wp\/v2\/posts\/99906","targetHints":{"allow":["GET"]}}],"collection":[{"href":"https:\/\/batijournal.com\/index.php\/wp-json\/wp\/v2\/posts"}],"about":[{"href":"https:\/\/batijournal.com\/index.php\/wp-json\/wp\/v2\/types\/post"}],"author":[{"embeddable":true,"href":"https:\/\/batijournal.com\/index.php\/wp-json\/wp\/v2\/users\/17"}],"replies":[{"embeddable":true,"href":"https:\/\/batijournal.com\/index.php\/wp-json\/wp\/v2\/comments?post=99906"}],"version-history":[{"count":0,"href":"https:\/\/batijournal.com\/index.php\/wp-json\/wp\/v2\/posts\/99906\/revisions"}],"wp:featuredmedia":[{"embeddable":true,"href":"https:\/\/batijournal.com\/index.php\/wp-json\/wp\/v2\/media\/99907"}],"wp:attachment":[{"href":"https:\/\/batijournal.com\/index.php\/wp-json\/wp\/v2\/media?parent=99906"}],"wp:term":[{"taxonomy":"category","embeddable":true,"href":"https:\/\/batijournal.com\/index.php\/wp-json\/wp\/v2\/categories?post=99906"},{"taxonomy":"post_tag","embeddable":true,"href":"https:\/\/batijournal.com\/index.php\/wp-json\/wp\/v2\/tags?post=99906"}],"curies":[{"name":"wp","href":"https:\/\/api.w.org\/{rel}","templated":true}]}}