{"id":99913,"date":"2018-08-27T09:50:15","date_gmt":"2018-08-27T07:50:15","guid":{"rendered":"https:\/\/batijournal.com\/?p=99913"},"modified":"2019-07-15T12:31:00","modified_gmt":"2019-07-15T10:31:00","slug":"aldesconnect-qualite-dair-confort-thermique-logement","status":"publish","type":"post","link":"https:\/\/batijournal.com\/index.php\/aldesconnect-qualite-dair-confort-thermique-logement\/99913\/","title":{"rendered":"La qualit\u00e9 d\u2019air int\u00e9rieur et le confort thermique du logement pilot\u00e9s par une application"},"content":{"rendered":"<p>Associ\u00e9e \u00e0 un syst\u00e8me de purification d&rsquo;air ALDES, l&rsquo;application AldesConnect permet de conna\u00eetre le niveau de qualit\u00e9 d&rsquo;air int\u00e9rieur des logements, sur la base de trois crit\u00e8res : le taux de CO2, de COV et d&rsquo;humidit\u00e9. Ces donn\u00e9es sont transmises gr\u00e2ce \u00e0 des capteurs pr\u00e9sents dans l&rsquo;unit\u00e9 de ventilation.<\/p>\n<p>L&rsquo;utilisateur a ainsi acc\u00e8s \u00e0 un indice global et \u00e0 son \u00e9volution par jour, semaine, ou mois. L\u2019appli permet d&rsquo;agir en adaptant la purification d&rsquo;air au rythme de vie quotidien et de constater directement, sur \u00e9cran, l&rsquo;am\u00e9lioration et le b\u00e9n\u00e9fice.<br \/>\nDe plus, elle informe sur le niveau d&rsquo;encrassement des filtres et d\u00e9livre aussi des conseils personnalis\u00e9s. L&rsquo;application permet \u00e9galement de consulter la qualit\u00e9 de l&rsquo;air ext\u00e9rieur gr\u00e2ce \u00e0 un algorithme qui d\u00e9livre en temps r\u00e9el des donn\u00e9es localis\u00e9es.<\/p>\n","protected":false},"excerpt":{"rendered":"<p>Associ\u00e9e \u00e0 un syst\u00e8me de purification d&rsquo;air ALDES, l&rsquo;application AldesConnect permet de conna\u00eetre le niveau de qualit\u00e9 d&rsquo;air int\u00e9rieur des logements, sur la base de trois crit\u00e8res : le taux de CO2, de COV et d&rsquo;humidit\u00e9. Ces donn\u00e9es sont transmises gr\u00e2ce \u00e0 des capteurs pr\u00e9sents dans l&rsquo;unit\u00e9 de ventilation. L&rsquo;utilisateur a ainsi acc\u00e8s \u00e0 un [&hellip;]<\/p>\n","protected":false},"author":17,"featured_media":99914,"comment_status":"closed","ping_status":"closed","sticky":false,"template":"","format":"standard","meta":{"_et_pb_use_builder":"","_et_pb_old_content":"","_et_gb_content_width":"","footnotes":""},"categories":[6356],"tags":[3575,1251,1655],"class_list":["post-99913","post","type-post","status-publish","format-standard","has-post-thumbnail","hentry","category-produits-solutions-techniques","tag-qualite-de-lair","tag-ventilation-2","tag-vmc"],"yoast_head":"<!-- This site is optimized with the Yoast SEO plugin v27.4 - https:\/\/yoast.com\/product\/yoast-seo-wordpress\/ -->\n<title>AldesConnect : mesurer la qualit\u00e9 de l&#039;air de votre logement<\/title>\n<meta name=\"description\" content=\"D\u00e9couvrez l&#039;application AldesConnect qui vous permet de piloter et mesurer le confort, la qualit\u00e9 de l&#039;air de votre logement et la qualit\u00e9 de l\u2019air.\" \/>\n<meta name=\"robots\" content=\"index, follow, max-snippet:-1, max-image-preview:large, max-video-preview:-1\" \/>\n<link rel=\"canonical\" href=\"https:\/\/batijournal.com\/index.php\/aldesconnect-qualite-dair-confort-thermique-logement\/99913\/\" \/>\n<meta property=\"og:locale\" content=\"fr_FR\" \/>\n<meta property=\"og:type\" content=\"article\" \/>\n<meta property=\"og:title\" content=\"AldesConnect : mesurer la qualit\u00e9 de l&#039;air de votre logement\" \/>\n<meta property=\"og:description\" content=\"D\u00e9couvrez l&#039;application AldesConnect qui vous permet de piloter et mesurer le confort, la qualit\u00e9 de l&#039;air de votre logement et la qualit\u00e9 de l\u2019air.\" \/>\n<meta property=\"og:url\" content=\"https:\/\/batijournal.com\/index.php\/aldesconnect-qualite-dair-confort-thermique-logement\/99913\/\" \/>\n<meta property=\"og:site_name\" content=\"Batijournal\" \/>\n<meta property=\"article:published_time\" content=\"2018-08-27T07:50:15+00:00\" \/>\n<meta property=\"article:modified_time\" content=\"2019-07-15T10:31:00+00:00\" \/>\n<meta property=\"og:image\" content=\"https:\/\/batijournal.com\/wp-content\/uploads\/2018\/08\/Easy-HOME-Compact-Pure-AIR-Connect.jpg\" \/>\n\t<meta property=\"og:image:width\" content=\"1200\" \/>\n\t<meta property=\"og:image:height\" content=\"739\" \/>\n\t<meta property=\"og:image:type\" content=\"image\/jpeg\" \/>\n<meta name=\"author\" content=\"St\u00e9phane Miget\" \/>\n<meta name=\"twitter:card\" content=\"summary_large_image\" \/>\n<meta name=\"twitter:creator\" content=\"@bati_journal\" \/>\n<meta name=\"twitter:site\" content=\"@bati_journal\" \/>\n<meta name=\"twitter:label1\" content=\"\u00c9crit par\" \/>\n\t<meta name=\"twitter:data1\" content=\"St\u00e9phane Miget\" \/>\n\t<meta name=\"twitter:label2\" content=\"Dur\u00e9e de lecture estim\u00e9e\" \/>\n\t<meta name=\"twitter:data2\" content=\"1 minute\" \/>\n<script type=\"application\/ld+json\" class=\"yoast-schema-graph\">{\"@context\":\"https:\\\/\\\/schema.org\",\"@graph\":[{\"@type\":\"Article\",\"@id\":\"https:\\\/\\\/batijournal.com\\\/index.php\\\/aldesconnect-qualite-dair-confort-thermique-logement\\\/99913\\\/#article\",\"isPartOf\":{\"@id\":\"https:\\\/\\\/batijournal.com\\\/index.php\\\/aldesconnect-qualite-dair-confort-thermique-logement\\\/99913\\\/\"},\"author\":{\"name\":\"St\u00e9phane Miget\",\"@id\":\"https:\\\/\\\/batijournal.com\\\/#\\\/schema\\\/person\\\/1dc96ec6957aa1ccb25ebe78bb19f100\"},\"headline\":\"La qualit\u00e9 d\u2019air int\u00e9rieur et le confort thermique du logement pilot\u00e9s par une application\",\"datePublished\":\"2018-08-27T07:50:15+00:00\",\"dateModified\":\"2019-07-15T10:31:00+00:00\",\"mainEntityOfPage\":{\"@id\":\"https:\\\/\\\/batijournal.com\\\/index.php\\\/aldesconnect-qualite-dair-confort-thermique-logement\\\/99913\\\/\"},\"wordCount\":171,\"image\":{\"@id\":\"https:\\\/\\\/batijournal.com\\\/index.php\\\/aldesconnect-qualite-dair-confort-thermique-logement\\\/99913\\\/#primaryimage\"},\"thumbnailUrl\":\"https:\\\/\\\/batijournal.com\\\/wp-content\\\/uploads\\\/2018\\\/08\\\/Easy-HOME-Compact-Pure-AIR-Connect.jpg\",\"keywords\":[\"qualit\u00e9 de l'air\",\"ventilation\",\"vmc\"],\"articleSection\":[\"Produits &amp; Solutions techniques\"],\"inLanguage\":\"fr-FR\"},{\"@type\":\"WebPage\",\"@id\":\"https:\\\/\\\/batijournal.com\\\/index.php\\\/aldesconnect-qualite-dair-confort-thermique-logement\\\/99913\\\/\",\"url\":\"https:\\\/\\\/batijournal.com\\\/index.php\\\/aldesconnect-qualite-dair-confort-thermique-logement\\\/99913\\\/\",\"name\":\"AldesConnect : mesurer la qualit\u00e9 de l'air de votre logement\",\"isPartOf\":{\"@id\":\"https:\\\/\\\/batijournal.com\\\/#website\"},\"primaryImageOfPage\":{\"@id\":\"https:\\\/\\\/batijournal.com\\\/index.php\\\/aldesconnect-qualite-dair-confort-thermique-logement\\\/99913\\\/#primaryimage\"},\"image\":{\"@id\":\"https:\\\/\\\/batijournal.com\\\/index.php\\\/aldesconnect-qualite-dair-confort-thermique-logement\\\/99913\\\/#primaryimage\"},\"thumbnailUrl\":\"https:\\\/\\\/batijournal.com\\\/wp-content\\\/uploads\\\/2018\\\/08\\\/Easy-HOME-Compact-Pure-AIR-Connect.jpg\",\"datePublished\":\"2018-08-27T07:50:15+00:00\",\"dateModified\":\"2019-07-15T10:31:00+00:00\",\"author\":{\"@id\":\"https:\\\/\\\/batijournal.com\\\/#\\\/schema\\\/person\\\/1dc96ec6957aa1ccb25ebe78bb19f100\"},\"description\":\"D\u00e9couvrez l'application AldesConnect qui vous permet de piloter et mesurer le confort, la qualit\u00e9 de l'air de votre logement et la qualit\u00e9 de l\u2019air.\",\"breadcrumb\":{\"@id\":\"https:\\\/\\\/batijournal.com\\\/index.php\\\/aldesconnect-qualite-dair-confort-thermique-logement\\\/99913\\\/#breadcrumb\"},\"inLanguage\":\"fr-FR\",\"potentialAction\":[{\"@type\":\"ReadAction\",\"target\":[\"https:\\\/\\\/batijournal.com\\\/index.php\\\/aldesconnect-qualite-dair-confort-thermique-logement\\\/99913\\\/\"]}]},{\"@type\":\"ImageObject\",\"inLanguage\":\"fr-FR\",\"@id\":\"https:\\\/\\\/batijournal.com\\\/index.php\\\/aldesconnect-qualite-dair-confort-thermique-logement\\\/99913\\\/#primaryimage\",\"url\":\"https:\\\/\\\/batijournal.com\\\/wp-content\\\/uploads\\\/2018\\\/08\\\/Easy-HOME-Compact-Pure-AIR-Connect.jpg\",\"contentUrl\":\"https:\\\/\\\/batijournal.com\\\/wp-content\\\/uploads\\\/2018\\\/08\\\/Easy-HOME-Compact-Pure-AIR-Connect.jpg\",\"width\":1200,\"height\":739,\"caption\":\"AldesConnect\"},{\"@type\":\"BreadcrumbList\",\"@id\":\"https:\\\/\\\/batijournal.com\\\/index.php\\\/aldesconnect-qualite-dair-confort-thermique-logement\\\/99913\\\/#breadcrumb\",\"itemListElement\":[{\"@type\":\"ListItem\",\"position\":1,\"name\":\"Accueil\",\"item\":\"https:\\\/\\\/batijournal.com\\\/\"},{\"@type\":\"ListItem\",\"position\":2,\"name\":\"Produits &amp; Solutions techniques\",\"item\":\"https:\\\/\\\/batijournal.com\\\/index.php\\\/category\\\/produits-solutions-techniques\\\/\"},{\"@type\":\"ListItem\",\"position\":3,\"name\":\"La qualit\u00e9 d\u2019air int\u00e9rieur et le confort thermique du logement pilot\u00e9s par une application\"}]},{\"@type\":\"WebSite\",\"@id\":\"https:\\\/\\\/batijournal.com\\\/#website\",\"url\":\"https:\\\/\\\/batijournal.com\\\/\",\"name\":\"Batijournal\",\"description\":\"L&#039;actualit\u00e9 du b\u00e2timent\",\"potentialAction\":[{\"@type\":\"SearchAction\",\"target\":{\"@type\":\"EntryPoint\",\"urlTemplate\":\"https:\\\/\\\/batijournal.com\\\/?s={search_term_string}\"},\"query-input\":{\"@type\":\"PropertyValueSpecification\",\"valueRequired\":true,\"valueName\":\"search_term_string\"}}],\"inLanguage\":\"fr-FR\"},{\"@type\":\"Person\",\"@id\":\"https:\\\/\\\/batijournal.com\\\/#\\\/schema\\\/person\\\/1dc96ec6957aa1ccb25ebe78bb19f100\",\"name\":\"St\u00e9phane Miget\",\"image\":{\"@type\":\"ImageObject\",\"inLanguage\":\"fr-FR\",\"@id\":\"https:\\\/\\\/secure.gravatar.com\\\/avatar\\\/89915563d925342126b8ef0281b93d9d7fc337043e8df017f780908eb9644451?s=96&d=mm&r=g\",\"url\":\"https:\\\/\\\/secure.gravatar.com\\\/avatar\\\/89915563d925342126b8ef0281b93d9d7fc337043e8df017f780908eb9644451?s=96&d=mm&r=g\",\"contentUrl\":\"https:\\\/\\\/secure.gravatar.com\\\/avatar\\\/89915563d925342126b8ef0281b93d9d7fc337043e8df017f780908eb9644451?s=96&d=mm&r=g\",\"caption\":\"St\u00e9phane Miget\"},\"url\":\"https:\\\/\\\/batijournal.com\\\/index.php\\\/author\\\/stephane\\\/\"}]}<\/script>\n<!-- \/ Yoast SEO plugin. -->","yoast_head_json":{"title":"AldesConnect : mesurer la qualit\u00e9 de l'air de votre logement","description":"D\u00e9couvrez l'application AldesConnect qui vous permet de piloter et mesurer le confort, la qualit\u00e9 de l'air de votre logement et la qualit\u00e9 de l\u2019air.","robots":{"index":"index","follow":"follow","max-snippet":"max-snippet:-1","max-image-preview":"max-image-preview:large","max-video-preview":"max-video-preview:-1"},"canonical":"https:\/\/batijournal.com\/index.php\/aldesconnect-qualite-dair-confort-thermique-logement\/99913\/","og_locale":"fr_FR","og_type":"article","og_title":"AldesConnect : mesurer la qualit\u00e9 de l'air de votre logement","og_description":"D\u00e9couvrez l'application AldesConnect qui vous permet de piloter et mesurer le confort, la qualit\u00e9 de l'air de votre logement et la qualit\u00e9 de l\u2019air.","og_url":"https:\/\/batijournal.com\/index.php\/aldesconnect-qualite-dair-confort-thermique-logement\/99913\/","og_site_name":"Batijournal","article_published_time":"2018-08-27T07:50:15+00:00","article_modified_time":"2019-07-15T10:31:00+00:00","og_image":[{"width":1200,"height":739,"url":"https:\/\/batijournal.com\/wp-content\/uploads\/2018\/08\/Easy-HOME-Compact-Pure-AIR-Connect.jpg","type":"image\/jpeg"}],"author":"St\u00e9phane Miget","twitter_card":"summary_large_image","twitter_creator":"@bati_journal","twitter_site":"@bati_journal","twitter_misc":{"\u00c9crit par":"St\u00e9phane Miget","Dur\u00e9e de lecture estim\u00e9e":"1 minute"},"schema":{"@context":"https:\/\/schema.org","@graph":[{"@type":"Article","@id":"https:\/\/batijournal.com\/index.php\/aldesconnect-qualite-dair-confort-thermique-logement\/99913\/#article","isPartOf":{"@id":"https:\/\/batijournal.com\/index.php\/aldesconnect-qualite-dair-confort-thermique-logement\/99913\/"},"author":{"name":"St\u00e9phane Miget","@id":"https:\/\/batijournal.com\/#\/schema\/person\/1dc96ec6957aa1ccb25ebe78bb19f100"},"headline":"La qualit\u00e9 d\u2019air int\u00e9rieur et le confort thermique du logement pilot\u00e9s par une application","datePublished":"2018-08-27T07:50:15+00:00","dateModified":"2019-07-15T10:31:00+00:00","mainEntityOfPage":{"@id":"https:\/\/batijournal.com\/index.php\/aldesconnect-qualite-dair-confort-thermique-logement\/99913\/"},"wordCount":171,"image":{"@id":"https:\/\/batijournal.com\/index.php\/aldesconnect-qualite-dair-confort-thermique-logement\/99913\/#primaryimage"},"thumbnailUrl":"https:\/\/batijournal.com\/wp-content\/uploads\/2018\/08\/Easy-HOME-Compact-Pure-AIR-Connect.jpg","keywords":["qualit\u00e9 de l'air","ventilation","vmc"],"articleSection":["Produits &amp; Solutions techniques"],"inLanguage":"fr-FR"},{"@type":"WebPage","@id":"https:\/\/batijournal.com\/index.php\/aldesconnect-qualite-dair-confort-thermique-logement\/99913\/","url":"https:\/\/batijournal.com\/index.php\/aldesconnect-qualite-dair-confort-thermique-logement\/99913\/","name":"AldesConnect : mesurer la qualit\u00e9 de l'air de votre logement","isPartOf":{"@id":"https:\/\/batijournal.com\/#website"},"primaryImageOfPage":{"@id":"https:\/\/batijournal.com\/index.php\/aldesconnect-qualite-dair-confort-thermique-logement\/99913\/#primaryimage"},"image":{"@id":"https:\/\/batijournal.com\/index.php\/aldesconnect-qualite-dair-confort-thermique-logement\/99913\/#primaryimage"},"thumbnailUrl":"https:\/\/batijournal.com\/wp-content\/uploads\/2018\/08\/Easy-HOME-Compact-Pure-AIR-Connect.jpg","datePublished":"2018-08-27T07:50:15+00:00","dateModified":"2019-07-15T10:31:00+00:00","author":{"@id":"https:\/\/batijournal.com\/#\/schema\/person\/1dc96ec6957aa1ccb25ebe78bb19f100"},"description":"D\u00e9couvrez l'application AldesConnect qui vous permet de piloter et mesurer le confort, la qualit\u00e9 de l'air de votre logement et la qualit\u00e9 de l\u2019air.","breadcrumb":{"@id":"https:\/\/batijournal.com\/index.php\/aldesconnect-qualite-dair-confort-thermique-logement\/99913\/#breadcrumb"},"inLanguage":"fr-FR","potentialAction":[{"@type":"ReadAction","target":["https:\/\/batijournal.com\/index.php\/aldesconnect-qualite-dair-confort-thermique-logement\/99913\/"]}]},{"@type":"ImageObject","inLanguage":"fr-FR","@id":"https:\/\/batijournal.com\/index.php\/aldesconnect-qualite-dair-confort-thermique-logement\/99913\/#primaryimage","url":"https:\/\/batijournal.com\/wp-content\/uploads\/2018\/08\/Easy-HOME-Compact-Pure-AIR-Connect.jpg","contentUrl":"https:\/\/batijournal.com\/wp-content\/uploads\/2018\/08\/Easy-HOME-Compact-Pure-AIR-Connect.jpg","width":1200,"height":739,"caption":"AldesConnect"},{"@type":"BreadcrumbList","@id":"https:\/\/batijournal.com\/index.php\/aldesconnect-qualite-dair-confort-thermique-logement\/99913\/#breadcrumb","itemListElement":[{"@type":"ListItem","position":1,"name":"Accueil","item":"https:\/\/batijournal.com\/"},{"@type":"ListItem","position":2,"name":"Produits &amp; Solutions techniques","item":"https:\/\/batijournal.com\/index.php\/category\/produits-solutions-techniques\/"},{"@type":"ListItem","position":3,"name":"La qualit\u00e9 d\u2019air int\u00e9rieur et le confort thermique du logement pilot\u00e9s par une application"}]},{"@type":"WebSite","@id":"https:\/\/batijournal.com\/#website","url":"https:\/\/batijournal.com\/","name":"Batijournal","description":"L&#039;actualit\u00e9 du b\u00e2timent","potentialAction":[{"@type":"SearchAction","target":{"@type":"EntryPoint","urlTemplate":"https:\/\/batijournal.com\/?s={search_term_string}"},"query-input":{"@type":"PropertyValueSpecification","valueRequired":true,"valueName":"search_term_string"}}],"inLanguage":"fr-FR"},{"@type":"Person","@id":"https:\/\/batijournal.com\/#\/schema\/person\/1dc96ec6957aa1ccb25ebe78bb19f100","name":"St\u00e9phane Miget","image":{"@type":"ImageObject","inLanguage":"fr-FR","@id":"https:\/\/secure.gravatar.com\/avatar\/89915563d925342126b8ef0281b93d9d7fc337043e8df017f780908eb9644451?s=96&d=mm&r=g","url":"https:\/\/secure.gravatar.com\/avatar\/89915563d925342126b8ef0281b93d9d7fc337043e8df017f780908eb9644451?s=96&d=mm&r=g","contentUrl":"https:\/\/secure.gravatar.com\/avatar\/89915563d925342126b8ef0281b93d9d7fc337043e8df017f780908eb9644451?s=96&d=mm&r=g","caption":"St\u00e9phane Miget"},"url":"https:\/\/batijournal.com\/index.php\/author\/stephane\/"}]}},"_links":{"self":[{"href":"https:\/\/batijournal.com\/index.php\/wp-json\/wp\/v2\/posts\/99913","targetHints":{"allow":["GET"]}}],"collection":[{"href":"https:\/\/batijournal.com\/index.php\/wp-json\/wp\/v2\/posts"}],"about":[{"href":"https:\/\/batijournal.com\/index.php\/wp-json\/wp\/v2\/types\/post"}],"author":[{"embeddable":true,"href":"https:\/\/batijournal.com\/index.php\/wp-json\/wp\/v2\/users\/17"}],"replies":[{"embeddable":true,"href":"https:\/\/batijournal.com\/index.php\/wp-json\/wp\/v2\/comments?post=99913"}],"version-history":[{"count":0,"href":"https:\/\/batijournal.com\/index.php\/wp-json\/wp\/v2\/posts\/99913\/revisions"}],"wp:featuredmedia":[{"embeddable":true,"href":"https:\/\/batijournal.com\/index.php\/wp-json\/wp\/v2\/media\/99914"}],"wp:attachment":[{"href":"https:\/\/batijournal.com\/index.php\/wp-json\/wp\/v2\/media?parent=99913"}],"wp:term":[{"taxonomy":"category","embeddable":true,"href":"https:\/\/batijournal.com\/index.php\/wp-json\/wp\/v2\/categories?post=99913"},{"taxonomy":"post_tag","embeddable":true,"href":"https:\/\/batijournal.com\/index.php\/wp-json\/wp\/v2\/tags?post=99913"}],"curies":[{"name":"wp","href":"https:\/\/api.w.org\/{rel}","templated":true}]}}