{"id":99973,"date":"2018-08-30T09:41:54","date_gmt":"2018-08-30T07:41:54","guid":{"rendered":"https:\/\/batijournal.com\/?p=99973"},"modified":"2019-07-15T11:26:52","modified_gmt":"2019-07-15T09:26:52","slug":"gymnase-de-villefranche-de-lauragais","status":"publish","type":"post","link":"https:\/\/batijournal.com\/index.php\/gymnase-de-villefranche-de-lauragais\/99973\/","title":{"rendered":"Un gymnase enterr\u00e9 se fond dans le paysage tout en laissant entrer la lumi\u00e8re"},"content":{"rendered":"<p>Imagin\u00e9 par l\u2019agence CALVO ET TRAN VAN ARCHITECTES, le gymnase de Villefranche-de-Lauragais (31) est implant\u00e9 dans le prolongement du lyc\u00e9e. Un grand parvis surplombe l\u2019ensemble pour assurer la liaison entre ces diff\u00e9rentes entit\u00e9s. Le terrain en pente constituait le v\u00e9ritable enjeu du programme.<\/p>\n<p>Pour y r\u00e9pondre, les architectes ont cr\u00e9\u00e9 une \u00ab bo\u00eete \u00bb semi-enterr\u00e9e afin de r\u00e9duire le d\u00e9nivel\u00e9 tout en maximisant les apports de lumi\u00e8re avec des murs-rideaux GEODE \u00e9lanc\u00e9s au-dessus du soubassement b\u00e9ton. Leur hauteur de 5 m\u00e8tres est identique sur les deux fa\u00e7ades ouvertes, offrant une lumi\u00e8re homog\u00e8ne et r\u00e9guli\u00e8re, primordiale dans le sport collectif.<\/p>\n<p>Con\u00e7us par l\u2019aluminier agr\u00e9\u00e9 Labast\u00e8re, ces 550 m2 de solutions en aluminium TECHNAL permettent de contempler le ciel depuis l\u2019aire de jeux. Les usagers ont ainsi le sentiment de pratiquer leur sport en ext\u00e9rieur alors qu\u2019ils sont totalement \u00e0 l\u2019abri des regards. L\u2019orientation Nord et Est de ces larges surfaces transparentes prot\u00e8ge de la chaleur z\u00e9nithale \u00e0 l\u2019arriv\u00e9e du beau temps.<\/p>\n<p>Agences d\u2019architecture : Calvo et Tran Van architectes (mandataire) &#8211; Betillon et Freyermuth architectes (associ\u00e9e)<br \/>\nPhoto : Technal &#8211; photographe M. Delvaux<\/p>\n","protected":false},"excerpt":{"rendered":"<p>Imagin\u00e9 par l\u2019agence CALVO ET TRAN VAN ARCHITECTES, le gymnase de Villefranche-de-Lauragais (31) est implant\u00e9 dans le prolongement du lyc\u00e9e. Un grand parvis surplombe l\u2019ensemble pour assurer la liaison entre ces diff\u00e9rentes entit\u00e9s. Le terrain en pente constituait le v\u00e9ritable enjeu du programme. Pour y r\u00e9pondre, les architectes ont cr\u00e9\u00e9 une \u00ab bo\u00eete \u00bb semi-enterr\u00e9e [&hellip;]<\/p>\n","protected":false},"author":17,"featured_media":99967,"comment_status":"closed","ping_status":"closed","sticky":false,"template":"","format":"standard","meta":{"_et_pb_use_builder":"","_et_pb_old_content":"","_et_gb_content_width":"","footnotes":""},"categories":[10530,6340,10771,10775],"tags":[1150,1016],"class_list":["post-99973","post","type-post","status-publish","format-standard","has-post-thumbnail","hentry","category-actualites","category-architecture-conception","category-5facades","category-actualites-5facades","tag-chantier","tag-menuiseries"],"yoast_head":"<!-- This site is optimized with the Yoast SEO plugin v27.4 - https:\/\/yoast.com\/product\/yoast-seo-wordpress\/ -->\n<title>le gymnase de Villefranche-de-Lauragais : architecture originale<\/title>\n<meta name=\"description\" content=\"Imagin\u00e9 par l\u2019agence CALVO ET TRAN VAN ARCHITECTES, le gymnase de Villefranche-de-Lauragais (31) est implant\u00e9 dans le prolongement du lyc\u00e9e.\" \/>\n<meta name=\"robots\" content=\"index, follow, max-snippet:-1, max-image-preview:large, max-video-preview:-1\" \/>\n<link rel=\"canonical\" href=\"https:\/\/batijournal.com\/index.php\/gymnase-de-villefranche-de-lauragais\/99973\/\" \/>\n<meta property=\"og:locale\" content=\"fr_FR\" \/>\n<meta property=\"og:type\" content=\"article\" \/>\n<meta property=\"og:title\" content=\"le gymnase de Villefranche-de-Lauragais : architecture originale\" \/>\n<meta property=\"og:description\" content=\"Imagin\u00e9 par l\u2019agence CALVO ET TRAN VAN ARCHITECTES, le gymnase de Villefranche-de-Lauragais (31) est implant\u00e9 dans le prolongement du lyc\u00e9e.\" \/>\n<meta property=\"og:url\" content=\"https:\/\/batijournal.com\/index.php\/gymnase-de-villefranche-de-lauragais\/99973\/\" \/>\n<meta property=\"og:site_name\" content=\"Batijournal\" \/>\n<meta property=\"article:published_time\" content=\"2018-08-30T07:41:54+00:00\" \/>\n<meta property=\"article:modified_time\" content=\"2019-07-15T09:26:52+00:00\" \/>\n<meta property=\"og:image\" content=\"https:\/\/batijournal.com\/wp-content\/uploads\/2018\/08\/GYMNASE-DU-LYCEE-DE-VILLEFRANCHE-DE-LAURAGAIS.png\" \/>\n\t<meta property=\"og:image:width\" content=\"841\" \/>\n\t<meta property=\"og:image:height\" content=\"490\" \/>\n\t<meta property=\"og:image:type\" content=\"image\/png\" \/>\n<meta name=\"author\" content=\"St\u00e9phane Miget\" \/>\n<meta name=\"twitter:card\" content=\"summary_large_image\" \/>\n<meta name=\"twitter:creator\" content=\"@bati_journal\" \/>\n<meta name=\"twitter:site\" content=\"@bati_journal\" \/>\n<meta name=\"twitter:label1\" content=\"\u00c9crit par\" \/>\n\t<meta name=\"twitter:data1\" content=\"St\u00e9phane Miget\" \/>\n\t<meta name=\"twitter:label2\" content=\"Dur\u00e9e de lecture estim\u00e9e\" \/>\n\t<meta name=\"twitter:data2\" content=\"1 minute\" \/>\n<script type=\"application\/ld+json\" class=\"yoast-schema-graph\">{\"@context\":\"https:\\\/\\\/schema.org\",\"@graph\":[{\"@type\":\"Article\",\"@id\":\"https:\\\/\\\/batijournal.com\\\/index.php\\\/gymnase-de-villefranche-de-lauragais\\\/99973\\\/#article\",\"isPartOf\":{\"@id\":\"https:\\\/\\\/batijournal.com\\\/index.php\\\/gymnase-de-villefranche-de-lauragais\\\/99973\\\/\"},\"author\":{\"name\":\"St\u00e9phane Miget\",\"@id\":\"https:\\\/\\\/batijournal.com\\\/#\\\/schema\\\/person\\\/1dc96ec6957aa1ccb25ebe78bb19f100\"},\"headline\":\"Un gymnase enterr\u00e9 se fond dans le paysage tout en laissant entrer la lumi\u00e8re\",\"datePublished\":\"2018-08-30T07:41:54+00:00\",\"dateModified\":\"2019-07-15T09:26:52+00:00\",\"mainEntityOfPage\":{\"@id\":\"https:\\\/\\\/batijournal.com\\\/index.php\\\/gymnase-de-villefranche-de-lauragais\\\/99973\\\/\"},\"wordCount\":222,\"image\":{\"@id\":\"https:\\\/\\\/batijournal.com\\\/index.php\\\/gymnase-de-villefranche-de-lauragais\\\/99973\\\/#primaryimage\"},\"thumbnailUrl\":\"https:\\\/\\\/batijournal.com\\\/wp-content\\\/uploads\\\/2018\\\/08\\\/GYMNASE-DU-LYCEE-DE-VILLEFRANCHE-DE-LAURAGAIS.png\",\"keywords\":[\"chantier\",\"menuiseries\"],\"articleSection\":[\"Actualit\u00e9s\",\"Architecture &amp; Conception\",\"zz_5fa\u00e7ades\",\"zz_Actualit\u00e9s - 5fa\u00e7ades\"],\"inLanguage\":\"fr-FR\"},{\"@type\":\"WebPage\",\"@id\":\"https:\\\/\\\/batijournal.com\\\/index.php\\\/gymnase-de-villefranche-de-lauragais\\\/99973\\\/\",\"url\":\"https:\\\/\\\/batijournal.com\\\/index.php\\\/gymnase-de-villefranche-de-lauragais\\\/99973\\\/\",\"name\":\"le gymnase de Villefranche-de-Lauragais : architecture originale\",\"isPartOf\":{\"@id\":\"https:\\\/\\\/batijournal.com\\\/#website\"},\"primaryImageOfPage\":{\"@id\":\"https:\\\/\\\/batijournal.com\\\/index.php\\\/gymnase-de-villefranche-de-lauragais\\\/99973\\\/#primaryimage\"},\"image\":{\"@id\":\"https:\\\/\\\/batijournal.com\\\/index.php\\\/gymnase-de-villefranche-de-lauragais\\\/99973\\\/#primaryimage\"},\"thumbnailUrl\":\"https:\\\/\\\/batijournal.com\\\/wp-content\\\/uploads\\\/2018\\\/08\\\/GYMNASE-DU-LYCEE-DE-VILLEFRANCHE-DE-LAURAGAIS.png\",\"datePublished\":\"2018-08-30T07:41:54+00:00\",\"dateModified\":\"2019-07-15T09:26:52+00:00\",\"author\":{\"@id\":\"https:\\\/\\\/batijournal.com\\\/#\\\/schema\\\/person\\\/1dc96ec6957aa1ccb25ebe78bb19f100\"},\"description\":\"Imagin\u00e9 par l\u2019agence CALVO ET TRAN VAN ARCHITECTES, le gymnase de Villefranche-de-Lauragais (31) est implant\u00e9 dans le prolongement du lyc\u00e9e.\",\"breadcrumb\":{\"@id\":\"https:\\\/\\\/batijournal.com\\\/index.php\\\/gymnase-de-villefranche-de-lauragais\\\/99973\\\/#breadcrumb\"},\"inLanguage\":\"fr-FR\",\"potentialAction\":[{\"@type\":\"ReadAction\",\"target\":[\"https:\\\/\\\/batijournal.com\\\/index.php\\\/gymnase-de-villefranche-de-lauragais\\\/99973\\\/\"]}]},{\"@type\":\"ImageObject\",\"inLanguage\":\"fr-FR\",\"@id\":\"https:\\\/\\\/batijournal.com\\\/index.php\\\/gymnase-de-villefranche-de-lauragais\\\/99973\\\/#primaryimage\",\"url\":\"https:\\\/\\\/batijournal.com\\\/wp-content\\\/uploads\\\/2018\\\/08\\\/GYMNASE-DU-LYCEE-DE-VILLEFRANCHE-DE-LAURAGAIS.png\",\"contentUrl\":\"https:\\\/\\\/batijournal.com\\\/wp-content\\\/uploads\\\/2018\\\/08\\\/GYMNASE-DU-LYCEE-DE-VILLEFRANCHE-DE-LAURAGAIS.png\",\"width\":841,\"height\":490,\"caption\":\"gymnase de Villefranche-de-Lauragais\"},{\"@type\":\"BreadcrumbList\",\"@id\":\"https:\\\/\\\/batijournal.com\\\/index.php\\\/gymnase-de-villefranche-de-lauragais\\\/99973\\\/#breadcrumb\",\"itemListElement\":[{\"@type\":\"ListItem\",\"position\":1,\"name\":\"Accueil\",\"item\":\"https:\\\/\\\/batijournal.com\\\/\"},{\"@type\":\"ListItem\",\"position\":2,\"name\":\"Actualit\u00e9s\",\"item\":\"https:\\\/\\\/batijournal.com\\\/index.php\\\/category\\\/actualites\\\/\"},{\"@type\":\"ListItem\",\"position\":3,\"name\":\"Un gymnase enterr\u00e9 se fond dans le paysage tout en laissant entrer la lumi\u00e8re\"}]},{\"@type\":\"WebSite\",\"@id\":\"https:\\\/\\\/batijournal.com\\\/#website\",\"url\":\"https:\\\/\\\/batijournal.com\\\/\",\"name\":\"Batijournal\",\"description\":\"L&#039;actualit\u00e9 du b\u00e2timent\",\"potentialAction\":[{\"@type\":\"SearchAction\",\"target\":{\"@type\":\"EntryPoint\",\"urlTemplate\":\"https:\\\/\\\/batijournal.com\\\/?s={search_term_string}\"},\"query-input\":{\"@type\":\"PropertyValueSpecification\",\"valueRequired\":true,\"valueName\":\"search_term_string\"}}],\"inLanguage\":\"fr-FR\"},{\"@type\":\"Person\",\"@id\":\"https:\\\/\\\/batijournal.com\\\/#\\\/schema\\\/person\\\/1dc96ec6957aa1ccb25ebe78bb19f100\",\"name\":\"St\u00e9phane Miget\",\"image\":{\"@type\":\"ImageObject\",\"inLanguage\":\"fr-FR\",\"@id\":\"https:\\\/\\\/secure.gravatar.com\\\/avatar\\\/89915563d925342126b8ef0281b93d9d7fc337043e8df017f780908eb9644451?s=96&d=mm&r=g\",\"url\":\"https:\\\/\\\/secure.gravatar.com\\\/avatar\\\/89915563d925342126b8ef0281b93d9d7fc337043e8df017f780908eb9644451?s=96&d=mm&r=g\",\"contentUrl\":\"https:\\\/\\\/secure.gravatar.com\\\/avatar\\\/89915563d925342126b8ef0281b93d9d7fc337043e8df017f780908eb9644451?s=96&d=mm&r=g\",\"caption\":\"St\u00e9phane Miget\"},\"url\":\"https:\\\/\\\/batijournal.com\\\/index.php\\\/author\\\/stephane\\\/\"}]}<\/script>\n<!-- \/ Yoast SEO plugin. -->","yoast_head_json":{"title":"le gymnase de Villefranche-de-Lauragais : architecture originale","description":"Imagin\u00e9 par l\u2019agence CALVO ET TRAN VAN ARCHITECTES, le gymnase de Villefranche-de-Lauragais (31) est implant\u00e9 dans le prolongement du lyc\u00e9e.","robots":{"index":"index","follow":"follow","max-snippet":"max-snippet:-1","max-image-preview":"max-image-preview:large","max-video-preview":"max-video-preview:-1"},"canonical":"https:\/\/batijournal.com\/index.php\/gymnase-de-villefranche-de-lauragais\/99973\/","og_locale":"fr_FR","og_type":"article","og_title":"le gymnase de Villefranche-de-Lauragais : architecture originale","og_description":"Imagin\u00e9 par l\u2019agence CALVO ET TRAN VAN ARCHITECTES, le gymnase de Villefranche-de-Lauragais (31) est implant\u00e9 dans le prolongement du lyc\u00e9e.","og_url":"https:\/\/batijournal.com\/index.php\/gymnase-de-villefranche-de-lauragais\/99973\/","og_site_name":"Batijournal","article_published_time":"2018-08-30T07:41:54+00:00","article_modified_time":"2019-07-15T09:26:52+00:00","og_image":[{"width":841,"height":490,"url":"https:\/\/batijournal.com\/wp-content\/uploads\/2018\/08\/GYMNASE-DU-LYCEE-DE-VILLEFRANCHE-DE-LAURAGAIS.png","type":"image\/png"}],"author":"St\u00e9phane Miget","twitter_card":"summary_large_image","twitter_creator":"@bati_journal","twitter_site":"@bati_journal","twitter_misc":{"\u00c9crit par":"St\u00e9phane Miget","Dur\u00e9e de lecture estim\u00e9e":"1 minute"},"schema":{"@context":"https:\/\/schema.org","@graph":[{"@type":"Article","@id":"https:\/\/batijournal.com\/index.php\/gymnase-de-villefranche-de-lauragais\/99973\/#article","isPartOf":{"@id":"https:\/\/batijournal.com\/index.php\/gymnase-de-villefranche-de-lauragais\/99973\/"},"author":{"name":"St\u00e9phane Miget","@id":"https:\/\/batijournal.com\/#\/schema\/person\/1dc96ec6957aa1ccb25ebe78bb19f100"},"headline":"Un gymnase enterr\u00e9 se fond dans le paysage tout en laissant entrer la lumi\u00e8re","datePublished":"2018-08-30T07:41:54+00:00","dateModified":"2019-07-15T09:26:52+00:00","mainEntityOfPage":{"@id":"https:\/\/batijournal.com\/index.php\/gymnase-de-villefranche-de-lauragais\/99973\/"},"wordCount":222,"image":{"@id":"https:\/\/batijournal.com\/index.php\/gymnase-de-villefranche-de-lauragais\/99973\/#primaryimage"},"thumbnailUrl":"https:\/\/batijournal.com\/wp-content\/uploads\/2018\/08\/GYMNASE-DU-LYCEE-DE-VILLEFRANCHE-DE-LAURAGAIS.png","keywords":["chantier","menuiseries"],"articleSection":["Actualit\u00e9s","Architecture &amp; Conception","zz_5fa\u00e7ades","zz_Actualit\u00e9s - 5fa\u00e7ades"],"inLanguage":"fr-FR"},{"@type":"WebPage","@id":"https:\/\/batijournal.com\/index.php\/gymnase-de-villefranche-de-lauragais\/99973\/","url":"https:\/\/batijournal.com\/index.php\/gymnase-de-villefranche-de-lauragais\/99973\/","name":"le gymnase de Villefranche-de-Lauragais : architecture originale","isPartOf":{"@id":"https:\/\/batijournal.com\/#website"},"primaryImageOfPage":{"@id":"https:\/\/batijournal.com\/index.php\/gymnase-de-villefranche-de-lauragais\/99973\/#primaryimage"},"image":{"@id":"https:\/\/batijournal.com\/index.php\/gymnase-de-villefranche-de-lauragais\/99973\/#primaryimage"},"thumbnailUrl":"https:\/\/batijournal.com\/wp-content\/uploads\/2018\/08\/GYMNASE-DU-LYCEE-DE-VILLEFRANCHE-DE-LAURAGAIS.png","datePublished":"2018-08-30T07:41:54+00:00","dateModified":"2019-07-15T09:26:52+00:00","author":{"@id":"https:\/\/batijournal.com\/#\/schema\/person\/1dc96ec6957aa1ccb25ebe78bb19f100"},"description":"Imagin\u00e9 par l\u2019agence CALVO ET TRAN VAN ARCHITECTES, le gymnase de Villefranche-de-Lauragais (31) est implant\u00e9 dans le prolongement du lyc\u00e9e.","breadcrumb":{"@id":"https:\/\/batijournal.com\/index.php\/gymnase-de-villefranche-de-lauragais\/99973\/#breadcrumb"},"inLanguage":"fr-FR","potentialAction":[{"@type":"ReadAction","target":["https:\/\/batijournal.com\/index.php\/gymnase-de-villefranche-de-lauragais\/99973\/"]}]},{"@type":"ImageObject","inLanguage":"fr-FR","@id":"https:\/\/batijournal.com\/index.php\/gymnase-de-villefranche-de-lauragais\/99973\/#primaryimage","url":"https:\/\/batijournal.com\/wp-content\/uploads\/2018\/08\/GYMNASE-DU-LYCEE-DE-VILLEFRANCHE-DE-LAURAGAIS.png","contentUrl":"https:\/\/batijournal.com\/wp-content\/uploads\/2018\/08\/GYMNASE-DU-LYCEE-DE-VILLEFRANCHE-DE-LAURAGAIS.png","width":841,"height":490,"caption":"gymnase de Villefranche-de-Lauragais"},{"@type":"BreadcrumbList","@id":"https:\/\/batijournal.com\/index.php\/gymnase-de-villefranche-de-lauragais\/99973\/#breadcrumb","itemListElement":[{"@type":"ListItem","position":1,"name":"Accueil","item":"https:\/\/batijournal.com\/"},{"@type":"ListItem","position":2,"name":"Actualit\u00e9s","item":"https:\/\/batijournal.com\/index.php\/category\/actualites\/"},{"@type":"ListItem","position":3,"name":"Un gymnase enterr\u00e9 se fond dans le paysage tout en laissant entrer la lumi\u00e8re"}]},{"@type":"WebSite","@id":"https:\/\/batijournal.com\/#website","url":"https:\/\/batijournal.com\/","name":"Batijournal","description":"L&#039;actualit\u00e9 du b\u00e2timent","potentialAction":[{"@type":"SearchAction","target":{"@type":"EntryPoint","urlTemplate":"https:\/\/batijournal.com\/?s={search_term_string}"},"query-input":{"@type":"PropertyValueSpecification","valueRequired":true,"valueName":"search_term_string"}}],"inLanguage":"fr-FR"},{"@type":"Person","@id":"https:\/\/batijournal.com\/#\/schema\/person\/1dc96ec6957aa1ccb25ebe78bb19f100","name":"St\u00e9phane Miget","image":{"@type":"ImageObject","inLanguage":"fr-FR","@id":"https:\/\/secure.gravatar.com\/avatar\/89915563d925342126b8ef0281b93d9d7fc337043e8df017f780908eb9644451?s=96&d=mm&r=g","url":"https:\/\/secure.gravatar.com\/avatar\/89915563d925342126b8ef0281b93d9d7fc337043e8df017f780908eb9644451?s=96&d=mm&r=g","contentUrl":"https:\/\/secure.gravatar.com\/avatar\/89915563d925342126b8ef0281b93d9d7fc337043e8df017f780908eb9644451?s=96&d=mm&r=g","caption":"St\u00e9phane Miget"},"url":"https:\/\/batijournal.com\/index.php\/author\/stephane\/"}]}},"_links":{"self":[{"href":"https:\/\/batijournal.com\/index.php\/wp-json\/wp\/v2\/posts\/99973","targetHints":{"allow":["GET"]}}],"collection":[{"href":"https:\/\/batijournal.com\/index.php\/wp-json\/wp\/v2\/posts"}],"about":[{"href":"https:\/\/batijournal.com\/index.php\/wp-json\/wp\/v2\/types\/post"}],"author":[{"embeddable":true,"href":"https:\/\/batijournal.com\/index.php\/wp-json\/wp\/v2\/users\/17"}],"replies":[{"embeddable":true,"href":"https:\/\/batijournal.com\/index.php\/wp-json\/wp\/v2\/comments?post=99973"}],"version-history":[{"count":0,"href":"https:\/\/batijournal.com\/index.php\/wp-json\/wp\/v2\/posts\/99973\/revisions"}],"wp:featuredmedia":[{"embeddable":true,"href":"https:\/\/batijournal.com\/index.php\/wp-json\/wp\/v2\/media\/99967"}],"wp:attachment":[{"href":"https:\/\/batijournal.com\/index.php\/wp-json\/wp\/v2\/media?parent=99973"}],"wp:term":[{"taxonomy":"category","embeddable":true,"href":"https:\/\/batijournal.com\/index.php\/wp-json\/wp\/v2\/categories?post=99973"},{"taxonomy":"post_tag","embeddable":true,"href":"https:\/\/batijournal.com\/index.php\/wp-json\/wp\/v2\/tags?post=99973"}],"curies":[{"name":"wp","href":"https:\/\/api.w.org\/{rel}","templated":true}]}}